{"id":135507,"date":"2026-01-14T11:07:25","date_gmt":"2026-01-14T11:07:25","guid":{"rendered":"https:\/\/www.europesays.com\/se\/135507\/"},"modified":"2026-01-14T11:07:25","modified_gmt":"2026-01-14T11:07:25","slug":"laholm-anstallde-domd-bedragare-som-socialsekreterare","status":"publish","type":"post","link":"https:\/\/www.europesays.com\/se\/135507\/","title":{"rendered":"Laholm anst\u00e4llde d\u00f6md bedragare som socialsekreterare"},"content":{"rendered":"<p>Laholms kommun har d\u00e4refter avskedat kvinnan och gjort en polisanm\u00e4lan. Redan efter n\u00e5gra dagar noterade hennes chef att hon: <\/p>\n<p>\u201dUppvisade en f\u00f6rv\u00e5nande okunnighet i arbetsuppgifterna med tanke p\u00e5 den utbildning och erfarenhet av myndighetsut\u00f6vning som hon presenterat i sitt CV\u201d. <\/p>\n<p>Det framkommer i en intern utredning p\u00e5 Laholms kommun. <\/p>\n<p>F\u00f6rst efter den uppt\u00e4ckten b\u00f6rjade arbetsgivaren kolla uppgifterna i ans\u00f6kningshandlingarna. Att kvinnan hade arbetslivserfarenhet inom socialt arbete, hade tidigare enbart bekr\u00e4ftats av hennes egna referenser \u2013 som sj\u00e4lva ringde upp kommunen och inte tv\u00e4rtom.<\/p>\n<p>I klippet ovan ser du hur enkelt SVT:s reportrar kan kolla och f\u00e5 bekr\u00e4ftat att uppgifter i ans\u00f6kningen \u00e4r felaktiga.<\/p>\n<p>D\u00f6mdes f\u00f6r falskt examensbevis<\/p>\n<p>Redan 2012 d\u00f6mdes kvinnan f\u00f6r att ha f\u00f6rfalskat ett bevis f\u00f6r socionomexamen n\u00e4r hon fick anst\u00e4llning som socialsekreterare i en kommun. Brottet intr\u00e4ffade 2008 och kvinnan avslutade anst\u00e4llningen samma \u00e5r. <\/p>\n<p>Tv\u00e5 \u00e5r senare anst\u00e4llde en grannkommun henne som socialsekreterare. \u00c4ven d\u00e4r avsl\u00f6jades senare att hon l\u00e4mnat falska uppgifter i ans\u00f6kan.<\/p>\n<p>Fler kommuner har anst\u00e4llt henne<\/p>\n<p>Trots att hon fortfarande inte har n\u00e5gon socionomexamen visar SVT:s granskning att hon har f\u00e5tt anst\u00e4llning som socialsekreterare i tre olika kommuner de senaste fem \u00e5ren. F\u00f6rutom Laholm g\u00e4ller det kommuner i Sk\u00e5ne och Stockholmsomr\u00e5det.<\/p>\n<p>SVT nyheter har s\u00f6kt kvinnan, men inte f\u00e5tt n\u00e5gon kommentar. Ber\u00f6rda chefer i Laholm vill i nul\u00e4get inte st\u00e4lla upp p\u00e5 en tv-intervju. <\/p>\n<p>Michael T\u00e4rnfalk \u00e4r filosofie doktor i socialt arbete och har tidigare varit regeringens s\u00e4rskilde utredare av socionomutbildningen. <\/p>\n<p>Han reagerar starkt p\u00e5 <a href=\"https:\/\/www.svt.se\/nyheter\/lokalt\/halland\/laholm-anstallde-domd-bedragare-som-socialsekreterare\" data-discover=\"true\" rel=\"nofollow noopener\" target=\"_blank\">SVT:s publicering<\/a> om att Laholm och flera andra kommuner anst\u00e4llt en d\u00f6md person som uppgett falska meriter, som socialsekreterare. <\/p>\n","protected":false},"excerpt":{"rendered":"Laholms kommun har d\u00e4refter avskedat kvinnan och gjort en polisanm\u00e4lan. Redan efter n\u00e5gra dagar noterade hennes chef att&hellip;\n","protected":false},"author":2,"featured_media":135508,"comment_status":"","ping_status":"","sticky":false,"template":"","format":"standard","meta":{"footnotes":""},"categories":[12],"tags":[22,23,26,27,17,21,24,25,28,29,15,16,18,34,31,33,32,30,19,20],"class_list":{"0":"post-135507","1":"post","2":"type-post","3":"status-publish","4":"format-standard","5":"has-post-thumbnail","7":"category-sverige","8":"tag-breaking-news","9":"tag-breakingnews","10":"tag-featured-news","11":"tag-featurednews","12":"tag-headlines","13":"tag-huvudnyheter","14":"tag-latest-news","15":"tag-latestnews","16":"tag-main-news","17":"tag-mainnews","18":"tag-news","19":"tag-nyheter","20":"tag-rubriker","21":"tag-se","22":"tag-svenska","23":"tag-sverige","24":"tag-sweden","25":"tag-swedish","26":"tag-top-stories","27":"tag-topstories"},"share_on_mastodon":{"url":"https:\/\/pubeurope.com\/@se\/115893137823928130","error":""},"_links":{"self":[{"href":"https:\/\/www.europesays.com\/se\/wp-json\/wp\/v2\/posts\/135507","targetHints":{"allow":["GET"]}}],"collection":[{"href":"https:\/\/www.europesays.com\/se\/wp-json\/wp\/v2\/posts"}],"about":[{"href":"https:\/\/www.europesays.com\/se\/wp-json\/wp\/v2\/types\/post"}],"author":[{"embeddable":true,"href":"https:\/\/www.europesays.com\/se\/wp-json\/wp\/v2\/users\/2"}],"replies":[{"embeddable":true,"href":"https:\/\/www.europesays.com\/se\/wp-json\/wp\/v2\/comments?post=135507"}],"version-history":[{"count":0,"href":"https:\/\/www.europesays.com\/se\/wp-json\/wp\/v2\/posts\/135507\/revisions"}],"wp:featuredmedia":[{"embeddable":true,"href":"https:\/\/www.europesays.com\/se\/wp-json\/wp\/v2\/media\/135508"}],"wp:attachment":[{"href":"https:\/\/www.europesays.com\/se\/wp-json\/wp\/v2\/media?parent=135507"}],"wp:term":[{"taxonomy":"category","embeddable":true,"href":"https:\/\/www.europesays.com\/se\/wp-json\/wp\/v2\/categories?post=135507"},{"taxonomy":"post_tag","embeddable":true,"href":"https:\/\/www.europesays.com\/se\/wp-json\/wp\/v2\/tags?post=135507"}],"curies":[{"name":"wp","href":"https:\/\/api.w.org\/{rel}","templated":true}]}}