{"id":135509,"date":"2026-01-14T11:08:24","date_gmt":"2026-01-14T11:08:24","guid":{"rendered":"https:\/\/www.europesays.com\/se\/135509\/"},"modified":"2026-01-14T11:08:24","modified_gmt":"2026-01-14T11:08:24","slug":"trafikverkets-forslag-kommer-inte-radda-svensk-jarnvag","status":"publish","type":"post","link":"https:\/\/www.europesays.com\/se\/135509\/","title":{"rendered":"Trafikverkets f\u00f6rslag kommer inte r\u00e4dda svensk j\u00e4rnv\u00e4g"},"content":{"rendered":"<p>Under mer \u00e4n tre decennier har j\u00e4rnv\u00e4gen varit underfinansierad. Underh\u00e5llsskulden har vuxit, flaskhalsarna blivit fler och konsekvenserna \u00e4r k\u00e4nnbara f\u00f6r industrinationen Sverige.<\/p>\n<p>P\u00e5 femtio \u00e5r har Sverige fallit fr\u00e5n plats fyra till plats tretton i <a href=\"https:\/\/www.ekonomifakta.se\/sakomraden\/makroekonomi\/bnptillvaxt\/valstandsligan_1212493.html\" target=\"_blank\" rel=\"noopener nofollow\">OECD:s v\u00e4lst\u00e5ndsranking<\/a> (BNP per capita). Det \u00e4r ett tydligt tecken p\u00e5 att vi har tappat i konkurrenskraft, och att vi inte har r\u00e5d att forts\u00e4tta underinvestera i kritisk infrastruktur. Underh\u00e5llsskulden forts\u00e4tter att \u00f6ka under innevarande planperiod.<\/p>\n<p>I det f\u00f6rslag fr\u00e5n Trafikverket som nu \u00e4r ute p\u00e5 remiss tillf\u00f6rs medel s\u00e5 att\u00a0en av tio kritiska flaskhalsar\u00a0byggs bort \u2013 och underh\u00e5llsskulden slutar v\u00e4xa. Det \u00e4r allt.<\/p>\n<p>Trafikverkets f\u00f6rslag otillr\u00e4ckligt\u00a0<\/p>\n<p>T\u00e5gf\u00f6retagen och F\u00f6reningen Sveriges J\u00e4rnv\u00e4gsentrepren\u00f6rer (FSJ) k\u00e4nner oro inf\u00f6r framtiden. Den f\u00f6reslagna planen fr\u00e5n Trafikverket r\u00e4cker inte f\u00f6r att m\u00f6ta f\u00f6rsvarets \u00f6kade behov, den industriella expansionen i Norrland eller de v\u00e4xande pendlingsregionerna kring storst\u00e4derna. Samtidigt ser vi en debatt om upphandling och krav p\u00e5 \u00e5terf\u00f6rstatligande av j\u00e4rnv\u00e4gsunderh\u00e5llet.<\/p>\n<blockquote class=\"quote right\"><p>&#13;<\/p>\n<p>Branschens f\u00f6rm\u00e5ga att bidra till \u00e5terst\u00e4llandet av eftersatt j\u00e4rnv\u00e4gsunderh\u00e5ll \u00e4r beroende av att underh\u00e5llet forts\u00e4tter att upphandlas p\u00e5 en konkurrensutsatt marknad<\/p>\n<p>&#13;<br \/>\n  <b\/>&#13;\n<\/p><\/blockquote>\n<p>Den diskussionen leder fel. Branschens f\u00f6rm\u00e5ga att bidra till \u00e5terst\u00e4llandet av eftersatt j\u00e4rnv\u00e4gsunderh\u00e5ll \u00e4r beroende av att underh\u00e5llet forts\u00e4tter att upphandlas p\u00e5 en konkurrensutsatt marknad. Detta bekr\u00e4ftas av b\u00e5de forskare och Statens v\u00e4g och transportforskningsinstitut (VTI) i flera rapporter.<\/p>\n<p>En <a href=\"https:\/\/byggforetagen.se\/app\/uploads\/2023\/12\/FSJ-Sakra-jarnvagsunderhallet.pdf\" target=\"_blank\" rel=\"noopener nofollow\">branschrapport<\/a> fr\u00e5n Byggf\u00f6retagen och Sveriges J\u00e4rnv\u00e4gsentrepren\u00f6rer ber\u00e4knar att ett \u00e5terf\u00f6rstatligande skulle \u00f6ka kostnaderna med omkring\u00a0en miljard kronor per \u00e5r.<\/p>\n<p>Att fokusera p\u00e5 organisationsformen f\u00f6r j\u00e4rnv\u00e4gsunderh\u00e5ll och omstrukturering av Trafikverkets roll fr\u00e5n best\u00e4llare till utf\u00f6rare riskerar att leda till tidsf\u00f6rluster och att resurser styrs mot mindre relevanta omr\u00e5den.<\/p>\n<p>J\u00e4rnv\u00e4gen m\u00e5ste prioriteras nu<\/p>\n<p>Historiskt har Sverige legat under en procent av BNP i infrastrukturinvesteringar. OECD rekommenderar att vi \u00f6kar satsningarna f\u00f6r att st\u00e4rka konkurrenskraften och m\u00f6ta klimatutmaningarna. M\u00e5nga j\u00e4mf\u00f6rbara l\u00e4nder ligger n\u00e4ra eller \u00f6ver en procent av BNP. Vi ligger kvar p\u00e5 botten.<\/p>\n<p>Det kr\u00e4vs en medveten och strategisk utbyggnad av j\u00e4rnv\u00e4gen. Sverige beh\u00f6ver:<\/p>\n<ul>\n<li>R\u00e4ttvisa och l\u00e5ngsiktigt h\u00e5llbara villkor f\u00f6r j\u00e4rnv\u00e4gen.<\/li>\n<li>En robust och tillg\u00e4nglig j\u00e4rnv\u00e4g som byggs ut successivt \u2013 fr\u00e5n planbeslutet och fram\u00e5t.<\/li>\n<li>Transparens och effektivitet i planeringsprocessen samt balanserade aff\u00e4rsvillkor med fokus p\u00e5 produktivitet.<\/li>\n<li>En fortsatt avreglerad j\u00e4rnv\u00e4g med r\u00e4ttvisa villkor f\u00f6r b\u00e5de operat\u00f6rer och underh\u00e5llsbolag.<\/li>\n<li>Utbildningssatsningar f\u00f6r framtida kompetens \u2013 v\u00e4lutbildad personal i t\u00e5gen och ute p\u00e5 sp\u00e5ren.<\/li>\n<\/ul>\n<p>Av omsorg om industri, f\u00f6rsvar och alla pendlare m\u00e5ste Sverige agera nu. Vi har varken tid eller r\u00e5d att v\u00e4nta l\u00e4ngre.<\/p>\n","protected":false},"excerpt":{"rendered":"Under mer \u00e4n tre decennier har j\u00e4rnv\u00e4gen varit underfinansierad. Underh\u00e5llsskulden har vuxit, flaskhalsarna blivit fler och konsekvenserna \u00e4r&hellip;\n","protected":false},"author":2,"featured_media":135510,"comment_status":"","ping_status":"","sticky":false,"template":"","format":"standard","meta":{"footnotes":""},"categories":[5],"tags":[22,23,26,27,17,21,24,25,28,29,15,16,18,34,31,33,32,30,19,20],"class_list":{"0":"post-135509","1":"post","2":"type-post","3":"status-publish","4":"format-standard","5":"has-post-thumbnail","7":"category-rubriker","8":"tag-breaking-news","9":"tag-breakingnews","10":"tag-featured-news","11":"tag-featurednews","12":"tag-headlines","13":"tag-huvudnyheter","14":"tag-latest-news","15":"tag-latestnews","16":"tag-main-news","17":"tag-mainnews","18":"tag-news","19":"tag-nyheter","20":"tag-rubriker","21":"tag-se","22":"tag-svenska","23":"tag-sverige","24":"tag-sweden","25":"tag-swedish","26":"tag-top-stories","27":"tag-topstories"},"share_on_mastodon":{"url":"https:\/\/pubeurope.com\/@se\/115893141725700393","error":""},"_links":{"self":[{"href":"https:\/\/www.europesays.com\/se\/wp-json\/wp\/v2\/posts\/135509","targetHints":{"allow":["GET"]}}],"collection":[{"href":"https:\/\/www.europesays.com\/se\/wp-json\/wp\/v2\/posts"}],"about":[{"href":"https:\/\/www.europesays.com\/se\/wp-json\/wp\/v2\/types\/post"}],"author":[{"embeddable":true,"href":"https:\/\/www.europesays.com\/se\/wp-json\/wp\/v2\/users\/2"}],"replies":[{"embeddable":true,"href":"https:\/\/www.europesays.com\/se\/wp-json\/wp\/v2\/comments?post=135509"}],"version-history":[{"count":0,"href":"https:\/\/www.europesays.com\/se\/wp-json\/wp\/v2\/posts\/135509\/revisions"}],"wp:featuredmedia":[{"embeddable":true,"href":"https:\/\/www.europesays.com\/se\/wp-json\/wp\/v2\/media\/135510"}],"wp:attachment":[{"href":"https:\/\/www.europesays.com\/se\/wp-json\/wp\/v2\/media?parent=135509"}],"wp:term":[{"taxonomy":"category","embeddable":true,"href":"https:\/\/www.europesays.com\/se\/wp-json\/wp\/v2\/categories?post=135509"},{"taxonomy":"post_tag","embeddable":true,"href":"https:\/\/www.europesays.com\/se\/wp-json\/wp\/v2\/tags?post=135509"}],"curies":[{"name":"wp","href":"https:\/\/api.w.org\/{rel}","templated":true}]}}