{"id":135511,"date":"2026-01-14T11:09:15","date_gmt":"2026-01-14T11:09:15","guid":{"rendered":"https:\/\/www.europesays.com\/se\/135511\/"},"modified":"2026-01-14T11:09:15","modified_gmt":"2026-01-14T11:09:15","slug":"flera-smittade-av-papegojsjuka","status":"publish","type":"post","link":"https:\/\/www.europesays.com\/se\/135511\/","title":{"rendered":"Flera smittade av papegojsjuka"},"content":{"rendered":"<p class=\"sc-c25743f0-0 sc-e37c0145-2 hObFds DQgPn\">Fem fall av papegojsjuka har uppt\u00e4ckts i Halland, skriver regionen p\u00e5 sin hemsida.<\/p>\n<p class=\"sc-c25743f0-0 sc-e37c0145-2 hObFds DQgPn\">Enligt smittskyddsl\u00e4karen Maria Rydberg Mo \u00e4r detta \u201dovanligt\u201d.<\/p>\n<p class=\"sc-c25743f0-0 sc-e37c0145-2 hObFds DQgPn\">\u2013 Vi har de senaste fem \u00e5ren haft inget, eller bara n\u00e5got enstaka fall, s\u00e5 detta \u00e4r ovanligt, s\u00e4ger hon till <a href=\"https:\/\/www.regionhalland.se\/nyheter\/nyheter\/2026-01-13-flera-fall-av-papegojsjuka-i-halland-i-vinter\" class=\"pcc\" target=\"_blank\" rel=\"noopener noreferrer nofollow\">Region Halland<\/a>.<\/p>\n<p class=\"sc-c25743f0-0 sc-e37c0145-2 hObFds DQgPn\">Papegojsjuka \u00e4r en bakteriell infektion som sprids fr\u00e5n f\u00e5glar och smittar framf\u00f6rallt via inandning av damm som inneh\u00e5ller partiklar fr\u00e5n f\u00e5glarnas avf\u00f6ring.<\/p>\n<p>\u2013 Smittan kan leda till en allvarlig lunginflammation men man kan ocks\u00e5 drabbas av influensaliknande symptom som inte \u00e4r s\u00e5 allvarliga att man beh\u00f6ver upps\u00f6ka sjukv\u00e5rd, s\u00e4ger Maria Rydberg Mo.<\/p>\n<p class=\"sc-c25743f0-0 sc-e37c0145-2 hObFds DQgPn\">Regionens smittskydd uppmanar att man ska vara f\u00f6rsiktig n\u00e4r man hanterar f\u00e5glar eller ytor som exempelvis f\u00e5gelbord.<\/p>\n<p class=\"sc-c25743f0-0 sc-e37c0145-2 hObFds DQgPn\">Enligt Maria Ryberg Mo \u00e4r det oklart varf\u00f6r smittan har \u00f6kat just i \u00e5r.<\/p>\n<p class=\"sc-c25743f0-0 sc-e37c0145-2 hObFds DQgPn\">\u2013 Det har vi inget svar p\u00e5. Det kan vara olika f\u00f6ruts\u00e4ttningar som gjort att smittan spridits mer \u00e4n vanligt, s\u00e4ger hon. <\/p>\n","protected":false},"excerpt":{"rendered":"Fem fall av papegojsjuka har uppt\u00e4ckts i Halland, skriver regionen p\u00e5 sin hemsida. Enligt smittskyddsl\u00e4karen Maria Rydberg Mo&hellip;\n","protected":false},"author":2,"featured_media":77179,"comment_status":"","ping_status":"","sticky":false,"template":"","format":"standard","meta":{"footnotes":""},"categories":[69],"tags":[113,112,34,31,33,32,30],"class_list":{"0":"post-135511","1":"post","2":"type-post","3":"status-publish","4":"format-standard","5":"has-post-thumbnail","7":"category-halsa","8":"tag-halsa","9":"tag-health","10":"tag-se","11":"tag-svenska","12":"tag-sverige","13":"tag-sweden","14":"tag-swedish"},"share_on_mastodon":{"url":"https:\/\/pubeurope.com\/@se\/115893145659192634","error":""},"_links":{"self":[{"href":"https:\/\/www.europesays.com\/se\/wp-json\/wp\/v2\/posts\/135511","targetHints":{"allow":["GET"]}}],"collection":[{"href":"https:\/\/www.europesays.com\/se\/wp-json\/wp\/v2\/posts"}],"about":[{"href":"https:\/\/www.europesays.com\/se\/wp-json\/wp\/v2\/types\/post"}],"author":[{"embeddable":true,"href":"https:\/\/www.europesays.com\/se\/wp-json\/wp\/v2\/users\/2"}],"replies":[{"embeddable":true,"href":"https:\/\/www.europesays.com\/se\/wp-json\/wp\/v2\/comments?post=135511"}],"version-history":[{"count":0,"href":"https:\/\/www.europesays.com\/se\/wp-json\/wp\/v2\/posts\/135511\/revisions"}],"wp:featuredmedia":[{"embeddable":true,"href":"https:\/\/www.europesays.com\/se\/wp-json\/wp\/v2\/media\/77179"}],"wp:attachment":[{"href":"https:\/\/www.europesays.com\/se\/wp-json\/wp\/v2\/media?parent=135511"}],"wp:term":[{"taxonomy":"category","embeddable":true,"href":"https:\/\/www.europesays.com\/se\/wp-json\/wp\/v2\/categories?post=135511"},{"taxonomy":"post_tag","embeddable":true,"href":"https:\/\/www.europesays.com\/se\/wp-json\/wp\/v2\/tags?post=135511"}],"curies":[{"name":"wp","href":"https:\/\/api.w.org\/{rel}","templated":true}]}}