{"id":135517,"date":"2026-01-14T11:15:30","date_gmt":"2026-01-14T11:15:30","guid":{"rendered":"https:\/\/www.europesays.com\/se\/135517\/"},"modified":"2026-01-14T11:15:30","modified_gmt":"2026-01-14T11:15:30","slug":"kvinna-korde-i-hog-hastighet-i-fel-fardriktning-pa-e18-fullkomligt-livsfarligt-vf","status":"publish","type":"post","link":"https:\/\/www.europesays.com\/se\/135517\/","title":{"rendered":"Kvinna k\u00f6rde i h\u00f6g hastighet i fel f\u00e4rdriktning p\u00e5 E18: \u201dFullkomligt livsfarligt\u201d &#8211; VF"},"content":{"rendered":"<ol>\n<li><a href=\"https:\/\/news.google.com\/rss\/articles\/CBMitAFBVV95cUxNaXlkcHRnYm1meDZlWFpxOFd5QzRsbFl3S0E4eklMaWdyUU1zbDhfTTBmLUc5Vkd4TFlhbjY4SzVCc0NBUGxqUDRadkxhWFd3NGtTSnZoYjRLckkyRi05WGtYU1FtVUdaeFlhaF85WS1PeklqalF6clJlQ05saXl4ZW1maDFtMjNqY3YxQ1ZENV9PUGN6amlRR2czT3BfS2NDV0VjaWllUjZySGFQejhCSFRnYWk?oc=5\" target=\"_blank\" rel=\"nofollow noopener\">Kvinna k\u00f6rde i h\u00f6g hastighet i fel f\u00e4rdriktning p\u00e5 E18: \u201dFullkomligt livsfarligt\u201d<\/a>&nbsp;&nbsp;VF<\/li>\n<li><a href=\"https:\/\/news.google.com\/rss\/articles\/CBMinwFBVV95cUxPSlJCMGpyMVZ4amQxbl9aS2M5QmYyTnNIUzVxNi1jOGNtRWZmNTZoS2dTNkFTM3VOU0tEc21jd3pMbnhFTFZsQXVsTjBwTWRxUFotd1BTN3Y4bTFfUWNfYjNOaGJJSm8tM2YzSS1kRGEtZlVBRHJFTEdoNFZMZnJHODBwZ2dBTmpFNjdPTHpyWERBYUJEN3ZxSXpRbzN5Qzg?oc=5\" target=\"_blank\" rel=\"nofollow noopener\">Vansinnesf\u00e4rd p\u00e5 E18 \u2013 k\u00f6rde \u00e5t fel h\u00e5ll: \u201d200 kilometer i timmen\u201d<\/a>&nbsp;&nbsp;NWT<\/li>\n<li><a href=\"https:\/\/news.google.com\/rss\/articles\/CBMifEFVX3lxTE9CbW5kU1gtYVRrbWZNcEp3WnlDTVlWMnBLeU9pYXJiN2dTbjNzMFczbF9Hc2tsU1hCUzhndGlCWFprNVdkUmlzUEFjZXVHTDJtcmMyODhPM1Y1SGFKRmljNXkzdzFuajJvV2kwV3Q4NjFOWG5WQXBCRGszOFo?oc=5\" target=\"_blank\" rel=\"nofollow noopener\">Bil i fel riktning p\u00e5 E18 \u2013 k\u00f6rde i 200 km i timmen<\/a>&nbsp;&nbsp;Omni<\/li>\n<li><a href=\"https:\/\/news.google.com\/rss\/articles\/CBMiigFBVV95cUxNZ1NJRi1DaS15TW93TDlJOWVVRGRKZnJJS014N0JrNXJNMEZKcXJzQTZVdW5MQlJVWE1WWTQ0OWVCV18tOVJvQzF5X3BXRVk4eUdXZWZPQ1VXWENpMzRmUzFTeS02RHhGQmpoQjJsMmltd0tJdjV5eVlXcDEtanVMLVM0RWhrMlJxVUE?oc=5\" target=\"_blank\" rel=\"nofollow noopener\">Vansinnesf\u00e4rd p\u00e5 E18 \u2013 k\u00f6rde mot trafiken i 200 km\/tim<\/a>&nbsp;&nbsp;Sveriges Radio<\/li>\n<li><a href=\"https:\/\/news.google.com\/rss\/articles\/CBMiXkFVX3lxTE9teUlBVFNwWHNsQjBYaWhFLWJsWFBQbEJ4U2l0cUY2WVJUWXExRUxjNkxreGQtbHR1ZzNHdHVrcWJuSW9XbFZ5Wko5dmRkNlU1TzlfcHpnWjhPLVVhWXc?oc=5\" target=\"_blank\" rel=\"nofollow noopener\">Bilist k\u00f6r i fel f\u00e4rdriktning i h\u00f6g hastighet<\/a>&nbsp;&nbsp;TV4 Nyheterna<\/li>\n<\/ol>\n","protected":false},"excerpt":{"rendered":"Kvinna k\u00f6rde i h\u00f6g hastighet i fel f\u00e4rdriktning p\u00e5 E18: \u201dFullkomligt livsfarligt\u201d&nbsp;&nbsp;VF Vansinnesf\u00e4rd p\u00e5 E18 \u2013 k\u00f6rde \u00e5t&hellip;\n","protected":false},"author":2,"featured_media":135518,"comment_status":"","ping_status":"","sticky":false,"template":"","format":"standard","meta":{"footnotes":""},"categories":[12],"tags":[22,23,26,27,17,21,24,25,28,29,15,16,18,34,31,33,32,30,19,20],"class_list":{"0":"post-135517","1":"post","2":"type-post","3":"status-publish","4":"format-standard","5":"has-post-thumbnail","7":"category-sverige","8":"tag-breaking-news","9":"tag-breakingnews","10":"tag-featured-news","11":"tag-featurednews","12":"tag-headlines","13":"tag-huvudnyheter","14":"tag-latest-news","15":"tag-latestnews","16":"tag-main-news","17":"tag-mainnews","18":"tag-news","19":"tag-nyheter","20":"tag-rubriker","21":"tag-se","22":"tag-svenska","23":"tag-sverige","24":"tag-sweden","25":"tag-swedish","26":"tag-top-stories","27":"tag-topstories"},"share_on_mastodon":{"url":"https:\/\/pubeurope.com\/@se\/115893169299059866","error":""},"_links":{"self":[{"href":"https:\/\/www.europesays.com\/se\/wp-json\/wp\/v2\/posts\/135517","targetHints":{"allow":["GET"]}}],"collection":[{"href":"https:\/\/www.europesays.com\/se\/wp-json\/wp\/v2\/posts"}],"about":[{"href":"https:\/\/www.europesays.com\/se\/wp-json\/wp\/v2\/types\/post"}],"author":[{"embeddable":true,"href":"https:\/\/www.europesays.com\/se\/wp-json\/wp\/v2\/users\/2"}],"replies":[{"embeddable":true,"href":"https:\/\/www.europesays.com\/se\/wp-json\/wp\/v2\/comments?post=135517"}],"version-history":[{"count":0,"href":"https:\/\/www.europesays.com\/se\/wp-json\/wp\/v2\/posts\/135517\/revisions"}],"wp:featuredmedia":[{"embeddable":true,"href":"https:\/\/www.europesays.com\/se\/wp-json\/wp\/v2\/media\/135518"}],"wp:attachment":[{"href":"https:\/\/www.europesays.com\/se\/wp-json\/wp\/v2\/media?parent=135517"}],"wp:term":[{"taxonomy":"category","embeddable":true,"href":"https:\/\/www.europesays.com\/se\/wp-json\/wp\/v2\/categories?post=135517"},{"taxonomy":"post_tag","embeddable":true,"href":"https:\/\/www.europesays.com\/se\/wp-json\/wp\/v2\/tags?post=135517"}],"curies":[{"name":"wp","href":"https:\/\/api.w.org\/{rel}","templated":true}]}}