{"id":135519,"date":"2026-01-14T11:16:30","date_gmt":"2026-01-14T11:16:30","guid":{"rendered":"https:\/\/www.europesays.com\/se\/135519\/"},"modified":"2026-01-14T11:16:30","modified_gmt":"2026-01-14T11:16:30","slug":"expressen-direkt-senaste-nytt-i-korthet-1118","status":"publish","type":"post","link":"https:\/\/www.europesays.com\/se\/135519\/","title":{"rendered":"Expressen Direkt \u2013 senaste nytt i korthet"},"content":{"rendered":"<p>Morgonens nyheterPutins varning till Trump: &#8221;Katastrofala konsekvenser&#8221;<\/p>\n<p id=\"isPasted\">Donald Trump uppmanar Irans befolkning att forts\u00e4tta protestera mot regimen och s\u00e4ger att hj\u00e4lp \u00e4r p\u00e5 v\u00e4g, samtidigt som han \u00f6verv\u00e4ger milit\u00e4ra alternativ f\u00f6r att st\u00f6dja protesterna. Ryssland reagerar starkt och varnar f\u00f6r att nya amerikanska attacker mot Iran kan f\u00e5 katastrofala konsekvenser, enligt utrikesdepartementets talesperson Maria Zacharova. Protesterna i Iran har p\u00e5g\u00e5tt i \u00f6ver tv\u00e5 veckor och omfattar nu hela landet, men exakta d\u00f6dssiffror \u00e4r sv\u00e5ra att fastst\u00e4lla p\u00e5 grund av internetavbrott. Uppgifter varierar mellan att tre tusen och tolv tusen m\u00e4nniskor har d\u00f6dats under protesterna, beroende p\u00e5 k\u00e4lla.<\/p>\n<p><strong>L\u00e4s mer:\u00a0<\/strong><a href=\"https:\/\/www.expressen.se\/nyheter\/varlden\/ryska-varningen-till-trump-om-iran-katastrofala-konsekvenser\/\" target=\"_top\" rel=\"nofollow noopener\">Ryska varningen till Trump om Iran<\/a><\/p>\n<p>V\u00e4dervarningar i halva Sverige<\/p>\n<p>SMHI har utf\u00e4rdat sex v\u00e4dervarningar f\u00f6r sn\u00f6 och halka \u00f6ver stora delar av Sverige under onsdagen. N\u00e4stan halva landet \u00e4r markerat med gul varning, och det v\u00e4ntas tidvis kraftigt sn\u00f6fall som kan ge upp till tjugofem centimeter sn\u00f6 p\u00e5 vissa h\u00e5ll, s\u00e4rskilt i \u00f6stra Svealand, nord\u00f6stra \u00d6sterg\u00f6tland, sydligaste G\u00e4strikland samt delar av G\u00e4vleborg och V\u00e4sternorrland. Varningarna g\u00e4ller olika tider under onsdagen och natten mot torsdag, och myndigheten varnar f\u00f6r att v\u00e4dret kan skapa stora trafikproblem. SMHI lyfter ocks\u00e5 risken f\u00f6r utbredd ishalka i hela s\u00f6dra Sverige, s\u00e4rskilt under natten och morgonen, n\u00e4r regn faller p\u00e5 kalla v\u00e4gbanor. Under natten har det redan intr\u00e4ffat olyckor, bland annat v\u00e4lte en lastbil p\u00e5 E4 mellan \u00d6desh\u00f6g och Gr\u00e4nna, vilket lett till begr\u00e4nsad framkomlighet och stor p\u00e5verkan p\u00e5 trafiken.<\/p>\n<p><strong>L\u00e4s mer:<\/strong> <a href=\"https:\/\/www.expressen.se\/nyheter\/vader\/sex-sno--och-halkvarningar-over-sverige\/\" target=\"_top\" rel=\"nofollow noopener\">Sex v\u00e4dervarningar i Sverige under onsdagen<\/a><\/p>\n<p>Ny katastrofsiffra f\u00f6r Liberalerna<\/p>\n<p>Liberalerna har f\u00e5tt en ny bottennotering i SVT:s och Verians senaste opinionsm\u00e4tning och landar nu p\u00e5 en komma \u00e5tta procent, vilket \u00e4r det l\u00e4gsta resultatet n\u00e5gonsin f\u00f6r partiet. Per S\u00f6derpalm p\u00e5 Verian s\u00e4ger att niv\u00e5n \u00e4r orov\u00e4ckande och pekar p\u00e5 att partiets nya ledare har l\u00e5gt f\u00f6rtroende samt att deras position i regeringsfr\u00e5gan g\u00f6r det sv\u00e5rt att locka v\u00e4ljare fr\u00e5n b\u00e5de regeringen och oppositionen. Fr\u00e5gan om samarbetet med Sverigedemokraterna forts\u00e4tter att vara ett problem, och det blir sv\u00e5rare f\u00f6r Liberalerna att f\u00e5 de st\u00f6dr\u00f6ster de tidigare varit beroende av. Oppositionen har just nu ett tydligt \u00f6vertag i m\u00e4tningen med femtiotre komma en procent mot Tid\u00f6partiernas fyrtiofyra komma \u00e5tta procent.<\/p>\n<p><strong>L\u00e4s mer:<\/strong> <a href=\"https:\/\/www.expressen.se\/nyheter\/politik\/ny-katastrofsiffra-for-l-far-18-procent\/\" target=\"_top\" rel=\"nofollow noopener\">Ny bottennotering f\u00f6r Liberalerna<\/a><\/p>\n","protected":false},"excerpt":{"rendered":"Morgonens nyheterPutins varning till Trump: &#8221;Katastrofala konsekvenser&#8221; Donald Trump uppmanar Irans befolkning att forts\u00e4tta protestera mot regimen och&hellip;\n","protected":false},"author":2,"featured_media":39,"comment_status":"","ping_status":"","sticky":false,"template":"","format":"standard","meta":{"footnotes":""},"categories":[5],"tags":[22,23,26,27,17,21,24,25,28,29,15,16,18,34,31,33,32,30,19,20],"class_list":{"0":"post-135519","1":"post","2":"type-post","3":"status-publish","4":"format-standard","5":"has-post-thumbnail","7":"category-rubriker","8":"tag-breaking-news","9":"tag-breakingnews","10":"tag-featured-news","11":"tag-featurednews","12":"tag-headlines","13":"tag-huvudnyheter","14":"tag-latest-news","15":"tag-latestnews","16":"tag-main-news","17":"tag-mainnews","18":"tag-news","19":"tag-nyheter","20":"tag-rubriker","21":"tag-se","22":"tag-svenska","23":"tag-sverige","24":"tag-sweden","25":"tag-swedish","26":"tag-top-stories","27":"tag-topstories"},"share_on_mastodon":{"url":"https:\/\/pubeurope.com\/@se\/115893173120166919","error":""},"_links":{"self":[{"href":"https:\/\/www.europesays.com\/se\/wp-json\/wp\/v2\/posts\/135519","targetHints":{"allow":["GET"]}}],"collection":[{"href":"https:\/\/www.europesays.com\/se\/wp-json\/wp\/v2\/posts"}],"about":[{"href":"https:\/\/www.europesays.com\/se\/wp-json\/wp\/v2\/types\/post"}],"author":[{"embeddable":true,"href":"https:\/\/www.europesays.com\/se\/wp-json\/wp\/v2\/users\/2"}],"replies":[{"embeddable":true,"href":"https:\/\/www.europesays.com\/se\/wp-json\/wp\/v2\/comments?post=135519"}],"version-history":[{"count":0,"href":"https:\/\/www.europesays.com\/se\/wp-json\/wp\/v2\/posts\/135519\/revisions"}],"wp:featuredmedia":[{"embeddable":true,"href":"https:\/\/www.europesays.com\/se\/wp-json\/wp\/v2\/media\/39"}],"wp:attachment":[{"href":"https:\/\/www.europesays.com\/se\/wp-json\/wp\/v2\/media?parent=135519"}],"wp:term":[{"taxonomy":"category","embeddable":true,"href":"https:\/\/www.europesays.com\/se\/wp-json\/wp\/v2\/categories?post=135519"},{"taxonomy":"post_tag","embeddable":true,"href":"https:\/\/www.europesays.com\/se\/wp-json\/wp\/v2\/tags?post=135519"}],"curies":[{"name":"wp","href":"https:\/\/api.w.org\/{rel}","templated":true}]}}