{"id":135524,"date":"2026-01-14T11:22:09","date_gmt":"2026-01-14T11:22:09","guid":{"rendered":"https:\/\/www.europesays.com\/se\/135524\/"},"modified":"2026-01-14T11:22:09","modified_gmt":"2026-01-14T11:22:09","slug":"erfan-soltani-kan-bli-forst-att-avrattas-i-iran-efter-protesterna","status":"publish","type":"post","link":"https:\/\/www.europesays.com\/se\/135524\/","title":{"rendered":"Erfan Soltani kan bli f\u00f6rst att avr\u00e4ttas i Iran efter protesterna"},"content":{"rendered":"<p>Erfan Soltani <a href=\"https:\/\/timesofindia.indiatimes.com\/world\/middle-east\/first-execution-of-iranian-protester-khamenei-led-regime-to-hang-26-year-old-erfan-soltani-who-is-he\/articleshow\/126516999.cms\" rel=\"nofollow noopener\" target=\"_blank\">greps i slutet av f\u00f6rra veckan i Karaj<\/a>, en stad 20 kilometer nordv\u00e4st om huvudstaden Teheran. Enligt hans anh\u00f6riga, som intervjuas av BBC Persian, utsattes han f\u00f6r en snabb skenr\u00e4tteg\u00e5ng och d\u00f6mdes efter bara 48 timmar till d\u00f6den.<\/p>\n<p>I dag onsdag ska han avr\u00e4ttas. De exakta anklagelserna mot honom \u00e4r ok\u00e4nda. Enligt <a href=\"https:\/\/www.indiatoday.in\/world\/story\/erfan-soltani-iran-public-execution-tehran-protests-anti-khamenei-family-tehran-news-live-2851696-2026-01-14\" rel=\"nofollow noopener\" target=\"_blank\">India Today<\/a> lyder anklagelsen \u201dfiendeskap mot Gud\u201d. Enligt flera m\u00e4nniskor\u00e4ttsorganisationer \u00e4r det den hittills f\u00f6rsta d\u00f6dsdomen som kan kopplas till de p\u00e5g\u00e5ende upproren i Iran. Hans familj ska, enligt <a href=\"https:\/\/hengaw.net\/en\/news\/2026\/01\/article-83\" rel=\"nofollow noopener\" target=\"_blank\">Hengaw<\/a>, en kurdisk m\u00e4nniskor\u00e4ttsgrupp, f\u00e5 g\u00f6ra ett kort \u201dsista bes\u00f6k\u201d. India today skriver att Soltani ska h\u00e4ngas offentligt.<\/p>\n<p>\u2013 Vi kommer att vidta mycket kraftfulla \u00e5tg\u00e4rder om de g\u00f6r n\u00e5got s\u00e5dant, s\u00e4ger USA:s president Donald Trump till CBS News.<\/p>\n<p><strong>Enligt TT har<\/strong> Irans chefsdomare Gholamhossein Mohseni-Ejei slagit fast att snabba r\u00e4tteg\u00e5ngar \u2013 och avr\u00e4ttningar \u2013 v\u00e4ntar dem som gripits under de p\u00e5g\u00e5ende protesterna mot regimen.<\/p>\n<p>\u2013 Om vi vill g\u00f6ra n\u00e5got m\u00e5ste vi g\u00f6ra det snabbt. Om det sker tv\u00e5, tre m\u00e5nader senare kommer det inte att ha samma effekt, s\u00e4ger han i en video s\u00e4nd i statlig iransk tv.<\/p>\n<p>          <img decoding=\"async\" class=\"picture__img\" src=\"https:\/\/www.europesays.com\/se\/wp-content\/uploads\/2026\/01\/e6ac6a1e-fe2f-451a-9a17-19067c1957c1.jpeg\" loading=\"lazy\"   alt=\"Sk\u00e4rmpdump fr\u00e5n ett filmklipp som postats fr\u00e5n fr\u00e5n en av protesterna vid Saadat Abad Square in Tehran.\"\/><\/p>\n<p>                Bild 1 av 3<\/p>\n<p>      Sk\u00e4rmpdump fr\u00e5n ett filmklipp som postats fr\u00e5n fr\u00e5n en av protesterna vid Saadat Abad Square in Tehran.<\/p>\n<p>      Foto: AFP<\/p>\n<p>          <img decoding=\"async\" class=\"picture__img\" src=\"https:\/\/www.europesays.com\/se\/wp-content\/uploads\/2026\/01\/37dd9ee9-5e14-4320-a79d-dc860548f619.jpeg\" loading=\"lazy\"   alt=\"Protester mot den iranska regimen p\u00e5g\u00e5r runt om i v\u00e4rlden. H\u00e4r i Barcelona p\u00e5 tisdagskv\u00e4llen.\"\/><\/p>\n<p>                Bild 2 av 3<\/p>\n<p>      Protester mot den iranska regimen p\u00e5g\u00e5r runt om i v\u00e4rlden. H\u00e4r i Barcelona p\u00e5 tisdagskv\u00e4llen.<\/p>\n<p>      Foto: Marc Asensio\/TT<\/p>\n<p>          <img decoding=\"async\" class=\"picture__img\" src=\"https:\/\/www.europesays.com\/se\/wp-content\/uploads\/2026\/01\/7b6ad702-4a56-4852-bef6-430a68ab9243.jpeg\" loading=\"lazy\"   alt=\"Ingen vet hur m\u00e5nga som gripits eller d\u00f6dats i samband med protesterna i Iran. H\u00e4r protesterar m\u00e4nniskor i Sydney mot regimen.\"\/><\/p>\n<p>                Bild 3 av 3<\/p>\n<p>      Ingen vet hur m\u00e5nga som gripits eller d\u00f6dats i samband med protesterna i Iran. H\u00e4r protesterar m\u00e4nniskor i Sydney mot regimen.<\/p>\n<p>      Foto: Richard Milnes\/TT<\/p>\n<p><strong>M\u00e4nniskor\u00e4ttsorganisationer<\/strong> har varnat f\u00f6r att Soltanis \u00f6de kan drabba m\u00e5nga andra, han \u00e4r bara en av tusentals iranier som gripits \u2013 och d\u00f6dats \u2013 de senaste dagarna.<\/p>\n<p>Den amerikanska nyhetsbyr\u00e5n Human Rights Activists News Agency (HRANA), som har f\u00f6ljt tidigare oroligheter i Iran, <a href=\"https:\/\/www.en-hrana.org\/day-seventeen-of-irans-protests-continued-internet-shutdown-spike-in-figures-and-intensifying-global-reactions\/\" rel=\"nofollow noopener\" target=\"_blank\">rapporterar att minst 2 571 personer<\/a> har d\u00f6dats fram till onsdagsmorgon.<\/p>\n<p><strong>Samma organisation<\/strong> h\u00e4vdar att minst 18 100 personer gripits. Iran human rights, som \u00e4r baserat i Norge, uppger en betydligt l\u00e4gre siffra \u2013 drygt 2\u00a0000 gripna \u2013 men g\u00f6r det med en varning f\u00f6r att det kan handla om tusentals fler. Enligt dem har gripandena skett i 80 olika st\u00e4der.<\/p>\n<p>Amnesty International bekr\u00e4ftar att det skett massgripanden, men uppger inga siffror.<\/p>\n<p>Texten uppdateras<\/p>\n","protected":false},"excerpt":{"rendered":"Erfan Soltani greps i slutet av f\u00f6rra veckan i Karaj, en stad 20 kilometer nordv\u00e4st om huvudstaden Teheran.&hellip;\n","protected":false},"author":2,"featured_media":135525,"comment_status":"","ping_status":"","sticky":false,"template":"","format":"standard","meta":{"footnotes":""},"categories":[14],"tags":[22,23,26,27,17,21,24,25,28,29,15,16,18,34,31,33,32,30,19,20,51,52,53,54],"class_list":{"0":"post-135524","1":"post","2":"type-post","3":"status-publish","4":"format-standard","5":"has-post-thumbnail","7":"category-varlden","8":"tag-breaking-news","9":"tag-breakingnews","10":"tag-featured-news","11":"tag-featurednews","12":"tag-headlines","13":"tag-huvudnyheter","14":"tag-latest-news","15":"tag-latestnews","16":"tag-main-news","17":"tag-mainnews","18":"tag-news","19":"tag-nyheter","20":"tag-rubriker","21":"tag-se","22":"tag-svenska","23":"tag-sverige","24":"tag-sweden","25":"tag-swedish","26":"tag-top-stories","27":"tag-topstories","28":"tag-varlden","29":"tag-world","30":"tag-world-news","31":"tag-worldnews"},"share_on_mastodon":{"url":"https:\/\/pubeurope.com\/@se\/115893196911670063","error":""},"_links":{"self":[{"href":"https:\/\/www.europesays.com\/se\/wp-json\/wp\/v2\/posts\/135524","targetHints":{"allow":["GET"]}}],"collection":[{"href":"https:\/\/www.europesays.com\/se\/wp-json\/wp\/v2\/posts"}],"about":[{"href":"https:\/\/www.europesays.com\/se\/wp-json\/wp\/v2\/types\/post"}],"author":[{"embeddable":true,"href":"https:\/\/www.europesays.com\/se\/wp-json\/wp\/v2\/users\/2"}],"replies":[{"embeddable":true,"href":"https:\/\/www.europesays.com\/se\/wp-json\/wp\/v2\/comments?post=135524"}],"version-history":[{"count":0,"href":"https:\/\/www.europesays.com\/se\/wp-json\/wp\/v2\/posts\/135524\/revisions"}],"wp:featuredmedia":[{"embeddable":true,"href":"https:\/\/www.europesays.com\/se\/wp-json\/wp\/v2\/media\/135525"}],"wp:attachment":[{"href":"https:\/\/www.europesays.com\/se\/wp-json\/wp\/v2\/media?parent=135524"}],"wp:term":[{"taxonomy":"category","embeddable":true,"href":"https:\/\/www.europesays.com\/se\/wp-json\/wp\/v2\/categories?post=135524"},{"taxonomy":"post_tag","embeddable":true,"href":"https:\/\/www.europesays.com\/se\/wp-json\/wp\/v2\/tags?post=135524"}],"curies":[{"name":"wp","href":"https:\/\/api.w.org\/{rel}","templated":true}]}}