{"id":135526,"date":"2026-01-14T11:23:14","date_gmt":"2026-01-14T11:23:14","guid":{"rendered":"https:\/\/www.europesays.com\/se\/135526\/"},"modified":"2026-01-14T11:23:14","modified_gmt":"2026-01-14T11:23:14","slug":"fortroendet-for-c-och-l-rasar-infor-valet-2026","status":"publish","type":"post","link":"https:\/\/www.europesays.com\/se\/135526\/","title":{"rendered":"F\u00f6rtroendet f\u00f6r C och L rasar inf\u00f6r valet 2026"},"content":{"rendered":"<p class=\"sc-c25743f0-0 sc-e37c0145-2 hObFds DQgPn\"><strong>Centerpartiet och Liberalerna g\u00e5r in i val\u00e5ret 2026 med rekordl\u00e5gt f\u00f6rtroende f\u00f6r sina partiledare. <br \/>Enligt TV4\/Novus senaste m\u00e4tning \u00e4r l\u00e4get s\u00e5 allvarligt att partiernas framtid kan vara hotad.<br \/>\u2013 Det \u00e4r l\u00e4ngst ner i f\u00f6rtroendelistan. Det \u00e4r Mohamsson och Thand Ringqvist, vars f\u00f6rtroende halveras b\u00e5da tv\u00e5, s\u00e4ger Torbj\u00f6rn Sj\u00f6str\u00f6m, vd f\u00f6r Novus till TV4 Nyheterna.<\/strong><\/p>\n<p class=\"sc-c25743f0-0 sc-e37c0145-2 hObFds DQgPn\">F\u00f6rtroendet f\u00f6r Centerpartiets Elisabeth Thand Ringqvist har sjunkit till fyra procent och bara tv\u00e5 procent uppger att de har stort eller mycket stort f\u00f6rtroende f\u00f6r Liberalernas Simona Mohamsson.<\/p>\n<p class=\"sc-c25743f0-0 sc-e37c0145-2 hObFds DQgPn\">B\u00e5da nedg\u00e5ngarna \u00e4r statistiskt s\u00e4kerst\u00e4llda j\u00e4mf\u00f6rt med november 2025. Statsvetaren Jenny Madestam menar att situationen \u00e4r kritisk f\u00f6r partierna.<\/p>\n<p>\u2013 Det \u00e4r redan ett existentiellt problem. Vi vet ocks\u00e5 att n\u00e5gon g\u00e5ng h\u00e4r p\u00e5 v\u00e5rkanten b\u00f6rjar v\u00e4ljarna best\u00e4mma sig f\u00f6r hur man ska l\u00e4gga sin r\u00f6st i h\u00f6st. Jag tror det \u00e4r lite tid kvar alltj\u00e4mt f\u00f6r partierna, men sedan beh\u00f6ver man faktiskt b\u00f6rja sk\u00e4rpa till sig nu och ber\u00e4tta f\u00f6r v\u00e4ljarna vad \u00e4r det man f\u00e5r med partiernas politik, s\u00e4ger Jenny Madestam, statsvetare vid S\u00f6dert\u00f6rns h\u00f6gskola, till TV4 Nyheterna.<\/p>\n<p>Topp och botten i f\u00f6rtroendelistan<\/p>\n<p class=\"sc-c25743f0-0 sc-e37c0145-2 hObFds DQgPn\">I toppen av m\u00e4tningen ligger Magdalena Andersson (S) kvar p\u00e5 f\u00f6rstaplatsen med 45 procent, en \u00f6kning med tv\u00e5 procentenheter. Ulf Kristersson (M) f\u00f6ljer p\u00e5 33 procent (+2), och Jimmie \u00c5kesson (SD) \u00e4r trea med 29 procent (of\u00f6r\u00e4ndrat). <\/p>\n<p class=\"sc-c25743f0-0 sc-e37c0145-2 hObFds DQgPn\">Ebba Busch (KD) har 24 procent (+1), Nooshi Dadgostar (V) 15 procent (-1), Amanda Lind (MP) 14 procent (-2) och Daniel Helld\u00e9n (MP) nio procent (of\u00f6r\u00e4ndrat).<\/p>\n<p> Madestam: D\u00e4rf\u00f6r toppar Andersson listan<\/p>\n<p class=\"sc-c25743f0-0 sc-e37c0145-2 hObFds DQgPn\">Statsvetaren Jenny Madestam pekar samtidigt p\u00e5 att Magdalena Andersson sticker ut i m\u00e4tningen \u2013 inte genom stora r\u00f6relser, utan genom stabilitet.<\/p>\n<p>\u2013 Hon var en ganska framg\u00e5ngsrik finansminister en g\u00e5ng i tiden. Det har hon kunnat rida lite p\u00e5 som partiledare \u2013 och s\u00e5 har hon lyckats beh\u00e5lla det, s\u00e4ger Jenny Madestam.<\/p>\n<p>Enligt Madestam har Andersson och Socialdemokraterna valt en medvetet f\u00f6rsiktig linje, d\u00e4r man inte driver ut stora nya reformf\u00f6rslag utan ligger n\u00e4ra regeringens politik.<\/p>\n<p>\u2013 Det man har lyckats med \u00e4r att man sitter ganska still i b\u00e5ten. Man tar inte n\u00e5gra st\u00f6rre egna initiativ. Det tror jag \u00e4r en f\u00f6rklaring till varf\u00f6r f\u00f6rtroendet \u00e4r intakt, s\u00e4ger hon.<\/p>\n<p>H\u00f6ga siffror ingen garanti f\u00f6r bra valresultat<\/p>\n<p class=\"sc-c25743f0-0 sc-e37c0145-2 hObFds DQgPn\">Samtidigt varnar Madestam f\u00f6r att h\u00f6ga f\u00f6rtroendesiffror tidigt i ett val\u00e5r inte \u00e4r n\u00e5gon garanti inf\u00f6r valr\u00f6relsen.<\/p>\n<p>\u2013 Det g\u00e4ller att f\u00f6rvalta det och faktiskt komma med konkret politik nu och b\u00f6rja driva vad man vill g\u00f6ra, s\u00e4ger hon.<\/p>\n<p><img decoding=\"async\" loading=\"lazy\" src=\"https:\/\/www.europesays.com\/se\/wp-content\/uploads\/2026\/01\/1768389794_320_.png\" class=\"sc-ecf79092-4 zsqbd\"\/><img decoding=\"async\" itemprop=\"contentUrl\" loading=\"lazy\" src=\"https:\/\/www.europesays.com\/se\/wp-content\/uploads\/2026\/01\/1768389794_320_.png\" alt=\"\" class=\"sc-6521091-0 bNsjRS\"\/><\/p>\n","protected":false},"excerpt":{"rendered":"Centerpartiet och Liberalerna g\u00e5r in i val\u00e5ret 2026 med rekordl\u00e5gt f\u00f6rtroende f\u00f6r sina partiledare. Enligt TV4\/Novus senaste m\u00e4tning&hellip;\n","protected":false},"author":2,"featured_media":135527,"comment_status":"","ping_status":"","sticky":false,"template":"","format":"standard","meta":{"footnotes":""},"categories":[12],"tags":[22,23,26,27,17,21,24,25,28,29,15,16,18,34,31,33,32,30,19,20],"class_list":{"0":"post-135526","1":"post","2":"type-post","3":"status-publish","4":"format-standard","5":"has-post-thumbnail","7":"category-sverige","8":"tag-breaking-news","9":"tag-breakingnews","10":"tag-featured-news","11":"tag-featurednews","12":"tag-headlines","13":"tag-huvudnyheter","14":"tag-latest-news","15":"tag-latestnews","16":"tag-main-news","17":"tag-mainnews","18":"tag-news","19":"tag-nyheter","20":"tag-rubriker","21":"tag-se","22":"tag-svenska","23":"tag-sverige","24":"tag-sweden","25":"tag-swedish","26":"tag-top-stories","27":"tag-topstories"},"share_on_mastodon":{"url":"https:\/\/pubeurope.com\/@se\/115893200732185307","error":""},"_links":{"self":[{"href":"https:\/\/www.europesays.com\/se\/wp-json\/wp\/v2\/posts\/135526","targetHints":{"allow":["GET"]}}],"collection":[{"href":"https:\/\/www.europesays.com\/se\/wp-json\/wp\/v2\/posts"}],"about":[{"href":"https:\/\/www.europesays.com\/se\/wp-json\/wp\/v2\/types\/post"}],"author":[{"embeddable":true,"href":"https:\/\/www.europesays.com\/se\/wp-json\/wp\/v2\/users\/2"}],"replies":[{"embeddable":true,"href":"https:\/\/www.europesays.com\/se\/wp-json\/wp\/v2\/comments?post=135526"}],"version-history":[{"count":0,"href":"https:\/\/www.europesays.com\/se\/wp-json\/wp\/v2\/posts\/135526\/revisions"}],"wp:featuredmedia":[{"embeddable":true,"href":"https:\/\/www.europesays.com\/se\/wp-json\/wp\/v2\/media\/135527"}],"wp:attachment":[{"href":"https:\/\/www.europesays.com\/se\/wp-json\/wp\/v2\/media?parent=135526"}],"wp:term":[{"taxonomy":"category","embeddable":true,"href":"https:\/\/www.europesays.com\/se\/wp-json\/wp\/v2\/categories?post=135526"},{"taxonomy":"post_tag","embeddable":true,"href":"https:\/\/www.europesays.com\/se\/wp-json\/wp\/v2\/tags?post=135526"}],"curies":[{"name":"wp","href":"https:\/\/api.w.org\/{rel}","templated":true}]}}