{"id":135536,"date":"2026-01-14T11:32:20","date_gmt":"2026-01-14T11:32:20","guid":{"rendered":"https:\/\/www.europesays.com\/se\/135536\/"},"modified":"2026-01-14T11:32:20","modified_gmt":"2026-01-14T11:32:20","slug":"kiefer-sutherland-greps-av-polis-efter-brak-i-taxi","status":"publish","type":"post","link":"https:\/\/www.europesays.com\/se\/135536\/","title":{"rendered":"Kiefer Sutherland greps av polis &#8211; efter br\u00e5k i taxi"},"content":{"rendered":"<p>\u201d24\u201d-sk\u00e5despelaren <strong>Kiefer Sutherland<\/strong> ska ha gripits av Los Angeles-polisen i m\u00e5ndags. Han \u201dattackerade f\u00f6raren av en apptaxi\u201d i Hollywood med b\u00e5de \u201dfysiskt v\u00e5ld och olaga hot\u201d.<\/p>\n<p>F\u00f6raren klarade sig oskadd, skriver <a href=\"https:\/\/people.com\/kiefer-sutherland-arrested-after-allegedly-assaulting-ride-share-driver-in-hollywood-11885029\" target=\"_blank\" rel=\"noreferrer noopener nofollow\">People<\/a>. Sutherland f\u00f6rdes till h\u00e4ktet d\u00e4r han sedan sl\u00e4pptes mot en borgenssumma p\u00e5 50 000 dollar. Han ska infinna sig i r\u00e4tten den 2 februari. Sk\u00e5despelaren har valt att inte kommentera p\u00e5 vad som h\u00e4nde.<\/p>\n<p>H\u00e4ndelsen utreds f\u00f6r n\u00e4rvarande av <a href=\"https:\/\/www.moviezine.se\/movies\/snuten-i-hollywood\" rel=\"nofollow noopener\" target=\"_blank\">snuten i Hollywood<\/a>.<\/p>\n<p>Kiefer Sutherland, 59, \u00e4r en flitig sk\u00e5despelare med \u00f6ver 100 film- och tv-roller bakom sig. Han slog igenom stort p\u00e5 80-talet med filmer som Stephen King-dramat \u201dStand By Me\u201d (1986), vampyrrysaren \u201dThe Lost Boys\u201d (1987) och westernrullen \u201dYoung Guns\u201d (1988).<\/p>\n<p>Under 2000-talet fick karri\u00e4ren en ny skjuts med rollen som agent Jack Bauer, som jagade terrorister i realtid i \u201d24\u201d. P\u00e5 meritlistan finns ocks\u00e5 serien \u201dDesignated survivor\u201d.<\/p>\n<p>L\u00e4s ocks\u00e5: <a href=\"https:\/\/www.moviezine.se\/nyheter\/jack-bauer-atervander-24-far-en-langfilm\" title=\"Jack Bauer \u00e5terv\u00e4nder! \u201d24\u201d f\u00e5r en l\u00e5ngfilm\" class=\"underline-custom !font-montserrat !font-bold !underline-offset-4 !decoration-4 !decoration-moviezine-green !text-md\" rel=\"nofollow noopener\" target=\"_blank\">Jack Bauer \u00e5terv\u00e4nder! \u201d24\u201d f\u00e5r en l\u00e5ngfilm<\/a><\/p>\n<p>L\u00e4s ocks\u00e5: <a href=\"https:\/\/www.moviezine.se\/nyheter\/rob-reiners-son-har-gripits-misstanks-for-mordet-pa-sina-foraldrar\" title=\"Rob Reiners son har gripits \u2013 misst\u00e4nks f\u00f6r mordet p\u00e5 sina f\u00f6r\u00e4ldrar\" class=\"underline-custom !font-montserrat !font-bold !underline-offset-4 !decoration-4 !decoration-moviezine-green !text-md\" rel=\"nofollow noopener\" target=\"_blank\">Rob Reiners son har gripits \u2013 misst\u00e4nks f\u00f6r mordet p\u00e5 sina f\u00f6r\u00e4ldrar<\/a><\/p>\n","protected":false},"excerpt":{"rendered":"\u201d24\u201d-sk\u00e5despelaren Kiefer Sutherland ska ha gripits av Los Angeles-polisen i m\u00e5ndags. Han \u201dattackerade f\u00f6raren av en apptaxi\u201d i&hellip;\n","protected":false},"author":2,"featured_media":135537,"comment_status":"","ping_status":"","sticky":false,"template":"","format":"standard","meta":{"footnotes":""},"categories":[5],"tags":[22,23,26,27,17,2573,21,2394,24,25,28,29,15,16,18,34,31,33,32,30,19,20],"class_list":{"0":"post-135536","1":"post","2":"type-post","3":"status-publish","4":"format-standard","5":"has-post-thumbnail","7":"category-rubriker","8":"tag-breaking-news","9":"tag-breakingnews","10":"tag-featured-news","11":"tag-featurednews","12":"tag-headlines","13":"tag-hollywood","14":"tag-huvudnyheter","15":"tag-kandisar","16":"tag-latest-news","17":"tag-latestnews","18":"tag-main-news","19":"tag-mainnews","20":"tag-news","21":"tag-nyheter","22":"tag-rubriker","23":"tag-se","24":"tag-svenska","25":"tag-sverige","26":"tag-sweden","27":"tag-swedish","28":"tag-top-stories","29":"tag-topstories"},"share_on_mastodon":{"url":"https:\/\/pubeurope.com\/@se\/115893236020341799","error":""},"_links":{"self":[{"href":"https:\/\/www.europesays.com\/se\/wp-json\/wp\/v2\/posts\/135536","targetHints":{"allow":["GET"]}}],"collection":[{"href":"https:\/\/www.europesays.com\/se\/wp-json\/wp\/v2\/posts"}],"about":[{"href":"https:\/\/www.europesays.com\/se\/wp-json\/wp\/v2\/types\/post"}],"author":[{"embeddable":true,"href":"https:\/\/www.europesays.com\/se\/wp-json\/wp\/v2\/users\/2"}],"replies":[{"embeddable":true,"href":"https:\/\/www.europesays.com\/se\/wp-json\/wp\/v2\/comments?post=135536"}],"version-history":[{"count":0,"href":"https:\/\/www.europesays.com\/se\/wp-json\/wp\/v2\/posts\/135536\/revisions"}],"wp:featuredmedia":[{"embeddable":true,"href":"https:\/\/www.europesays.com\/se\/wp-json\/wp\/v2\/media\/135537"}],"wp:attachment":[{"href":"https:\/\/www.europesays.com\/se\/wp-json\/wp\/v2\/media?parent=135536"}],"wp:term":[{"taxonomy":"category","embeddable":true,"href":"https:\/\/www.europesays.com\/se\/wp-json\/wp\/v2\/categories?post=135536"},{"taxonomy":"post_tag","embeddable":true,"href":"https:\/\/www.europesays.com\/se\/wp-json\/wp\/v2\/tags?post=135536"}],"curies":[{"name":"wp","href":"https:\/\/api.w.org\/{rel}","templated":true}]}}