{"id":135538,"date":"2026-01-14T11:34:06","date_gmt":"2026-01-14T11:34:06","guid":{"rendered":"https:\/\/www.europesays.com\/se\/135538\/"},"modified":"2026-01-14T11:34:06","modified_gmt":"2026-01-14T11:34:06","slug":"ostersund-boost-besoker-vinterparken","status":"publish","type":"post","link":"https:\/\/www.europesays.com\/se\/135538\/","title":{"rendered":"\u00d6stersund &#8211; BOOST bes\u00f6ker Vinterparken"},"content":{"rendered":"<blockquote class=\"env-blockquote\">\n<p class=\"normal\"><strong>BES\u00d6K UNGDOMSFESTIVALEN BOOST<br \/>\u00d6ppet: <\/strong>kl. 16-19<br \/><strong>Plats:<\/strong> Vinterparken, \u00d6stersund<\/p>\n<\/blockquote>\n<p>Vad \u00e4r Boost?<\/p>\n<p class=\"normal\">Boost \u00e4r ett samarbete mellan Sveriges Olympiska Kommitt\u00e9 och Fryshuset. Syftet med projektet \u00e4r att ge ton\u00e5ringar en nyckel in i idrotten och f\u00f6reningslivet.<\/p>\n<p class=\"normal\">Festivalen riktar sig till unga i \u00e5ldern 13-19 \u00e5r och d\u00e4r ges m\u00f6jlighet att prova p\u00e5 klassiska vinteridrotter som snowboard, skidskytte och konst\u00e5kning, men \u00e4ven lite ovanligare snow volley och VR-segling.<\/p>\n<p class=\"normal\">Allt \u00e4r gratis och nedslaget g\u00f6rs i n\u00e4ra samarbete med lokala f\u00f6reningar, s\u00e5 att den inspiration och energi som f\u00f6ds p\u00e5 Boost kan leva vidare.<\/p>\n<p class=\"normal\">\u2013 Det k\u00e4nns v\u00e4ldigt roligt att f\u00e5 bes\u00f6ka vinterdestinationen \u00d6stersund, inte minst bara n\u00e5gon dag efter avslutat OS. F\u00f6rhoppningsvis kan vi inspirera unga till att v\u00e5ga prova p\u00e5 en ny idrott och kanske hitta ett nytt sammanhang, s\u00e4ger projektledare Tanja M\u00e4\u00e4tt\u00e4 Berg, SOK.<\/p>\n<p>En del av Sn\u00f6, Vind &amp; Betong<\/p>\n<p class=\"normal\">BOOST \u00e4r en del av Dr\u00f6mprojektet Sn\u00f6, Vind &amp; Betong \u2013 en gemensam satsning fr\u00e5n SOK, Skidf\u00f6rbundet, Seglarf\u00f6rbundet och Fryshuset f\u00f6r att s\u00e4nka tr\u00f6sklarna till idrott i omr\u00e5den dit den organiserade idrotten inte alltid n\u00e5r. Sn\u00f6, Vind &amp; Betong finansieras av Postkodlotteriet.<\/p>\n<p class=\"normal\">I \u00d6stersund f\u00f6rst\u00e4rks BOOST av \u201dsysterprojektet\u201d Snow Nation som \u00e4r Skidf\u00f6rbundets Sn\u00f6, Vind &amp; Betongprojekt och som nyligen startat upp verksamhet i just \u00d6stersund.<\/p>\n<p class=\"normal\">\u2013 Vi vet att idrott \u00e4r en kraftfull v\u00e4g in i gemenskap och utveckling. Genom Snow Nation f\u00e5r vi chansen att m\u00f6ta ungdomar d\u00e4r de \u00e4r, skapa nya m\u00f6jligheter och visa att det finns en plats f\u00f6r alla i idrottsr\u00f6relsen, s\u00e4ger Svenska Skidf\u00f6rbundets projektledare Marina Minetti.<\/p>\n","protected":false},"excerpt":{"rendered":"BES\u00d6K UNGDOMSFESTIVALEN BOOST\u00d6ppet: kl. 16-19Plats: Vinterparken, \u00d6stersund Vad \u00e4r Boost? Boost \u00e4r ett samarbete mellan Sveriges Olympiska Kommitt\u00e9&hellip;\n","protected":false},"author":2,"featured_media":135539,"comment_status":"","ping_status":"","sticky":false,"template":"","format":"standard","meta":{"footnotes":""},"categories":[68],"tags":[34,111,110,31,33,32,30],"class_list":{"0":"post-135538","1":"post","2":"type-post","3":"status-publish","4":"format-standard","5":"has-post-thumbnail","7":"category-sport","8":"tag-se","9":"tag-sport","10":"tag-sports","11":"tag-svenska","12":"tag-sverige","13":"tag-sweden","14":"tag-swedish"},"share_on_mastodon":{"url":"https:\/\/pubeurope.com\/@se\/115893244046017924","error":""},"_links":{"self":[{"href":"https:\/\/www.europesays.com\/se\/wp-json\/wp\/v2\/posts\/135538","targetHints":{"allow":["GET"]}}],"collection":[{"href":"https:\/\/www.europesays.com\/se\/wp-json\/wp\/v2\/posts"}],"about":[{"href":"https:\/\/www.europesays.com\/se\/wp-json\/wp\/v2\/types\/post"}],"author":[{"embeddable":true,"href":"https:\/\/www.europesays.com\/se\/wp-json\/wp\/v2\/users\/2"}],"replies":[{"embeddable":true,"href":"https:\/\/www.europesays.com\/se\/wp-json\/wp\/v2\/comments?post=135538"}],"version-history":[{"count":0,"href":"https:\/\/www.europesays.com\/se\/wp-json\/wp\/v2\/posts\/135538\/revisions"}],"wp:featuredmedia":[{"embeddable":true,"href":"https:\/\/www.europesays.com\/se\/wp-json\/wp\/v2\/media\/135539"}],"wp:attachment":[{"href":"https:\/\/www.europesays.com\/se\/wp-json\/wp\/v2\/media?parent=135538"}],"wp:term":[{"taxonomy":"category","embeddable":true,"href":"https:\/\/www.europesays.com\/se\/wp-json\/wp\/v2\/categories?post=135538"},{"taxonomy":"post_tag","embeddable":true,"href":"https:\/\/www.europesays.com\/se\/wp-json\/wp\/v2\/tags?post=135538"}],"curies":[{"name":"wp","href":"https:\/\/api.w.org\/{rel}","templated":true}]}}