{"id":135540,"date":"2026-01-14T11:35:23","date_gmt":"2026-01-14T11:35:23","guid":{"rendered":"https:\/\/www.europesays.com\/se\/135540\/"},"modified":"2026-01-14T11:35:23","modified_gmt":"2026-01-14T11:35:23","slug":"netflixsuccen-synden-fortsatter-svenska-serien-etta","status":"publish","type":"post","link":"https:\/\/www.europesays.com\/se\/135540\/","title":{"rendered":"Netflixsucc\u00e9n Synden forts\u00e4tter \u2013 svenska serien etta"},"content":{"rendered":"<p>Publicerad 14 jan 2026 kl 10.03Uppdaterad kl 10.37<\/p>\n<p>Den svenska tv-serien \u201dSynden\u201d ligger etta p\u00e5 Netflix globala <a href=\"https:\/\/www.netflix.com\/tudum\/top10\/films-non-english\" rel=\"nofollow noopener\" target=\"_blank\">topplista<\/a> \u00f6ver de mest sedda icke engelskspr\u00e5kiga serierna p\u00e5 str\u00f6mningstj\u00e4nsten.<\/p>\n<p><img   alt=\"\"\/><\/p>\n<p>\u201dSynden\u201d g\u00f6r succ\u00e9 p\u00e5 Netflix.<\/p>\n<p>Foto: Carolina Romare \/ Netflix<\/p>\n<p>\u00d6ppna bild i helsk\u00e4rm<\/p>\n<p>Kriminalserien samlade f\u00f6rra veckan ihop 3,2 miljoner visningar p\u00e5 str\u00f6mningstj\u00e4nsten \u00f6ver hela v\u00e4rlden och tar f\u00f6rstaplatsen p\u00e5 listan f\u00f6re den japanska mangaserien \u201dJujutsu Kaisen\u201d.<\/p>\n<p>\u201dSynden\u201d \u00e4r bland de tio mest sedda serierna totalt i 23 l\u00e4nder, enligt Netflix tittarstatistik. Serien sl\u00e4pptes den 2 januari och gick direkt in p\u00e5 andraplatsen p\u00e5 listan. Nu har den tagit \u00f6ver f\u00f6rstaplatsen.<\/p>\n<p>I \u201dSynden\u201d, som \u00e4r skapad av regiss\u00f6ren Peter Gr\u00f6nlund, utreder polisen Dani (Krista Kosonen) tv\u00e5 d\u00f6dsfall kopplade till en sl\u00e4ktfejd i Sk\u00e5ne som varat i generationer.<\/p>\n","protected":false},"excerpt":{"rendered":"Publicerad 14 jan 2026 kl 10.03Uppdaterad kl 10.37 Den svenska tv-serien \u201dSynden\u201d ligger etta p\u00e5 Netflix globala topplista&hellip;\n","protected":false},"author":2,"featured_media":135541,"comment_status":"","ping_status":"","sticky":false,"template":"","format":"standard","meta":{"footnotes":""},"categories":[67],"tags":[104,34,645,31,33,32,30,105],"class_list":{"0":"post-135540","1":"post","2":"type-post","3":"status-publish","4":"format-standard","5":"has-post-thumbnail","7":"category-underhallning","8":"tag-entertainment","9":"tag-se","10":"tag-sections-tv","11":"tag-svenska","12":"tag-sverige","13":"tag-sweden","14":"tag-swedish","15":"tag-underhallning"},"share_on_mastodon":{"url":"https:\/\/pubeurope.com\/@se\/115893247868927990","error":""},"_links":{"self":[{"href":"https:\/\/www.europesays.com\/se\/wp-json\/wp\/v2\/posts\/135540","targetHints":{"allow":["GET"]}}],"collection":[{"href":"https:\/\/www.europesays.com\/se\/wp-json\/wp\/v2\/posts"}],"about":[{"href":"https:\/\/www.europesays.com\/se\/wp-json\/wp\/v2\/types\/post"}],"author":[{"embeddable":true,"href":"https:\/\/www.europesays.com\/se\/wp-json\/wp\/v2\/users\/2"}],"replies":[{"embeddable":true,"href":"https:\/\/www.europesays.com\/se\/wp-json\/wp\/v2\/comments?post=135540"}],"version-history":[{"count":0,"href":"https:\/\/www.europesays.com\/se\/wp-json\/wp\/v2\/posts\/135540\/revisions"}],"wp:featuredmedia":[{"embeddable":true,"href":"https:\/\/www.europesays.com\/se\/wp-json\/wp\/v2\/media\/135541"}],"wp:attachment":[{"href":"https:\/\/www.europesays.com\/se\/wp-json\/wp\/v2\/media?parent=135540"}],"wp:term":[{"taxonomy":"category","embeddable":true,"href":"https:\/\/www.europesays.com\/se\/wp-json\/wp\/v2\/categories?post=135540"},{"taxonomy":"post_tag","embeddable":true,"href":"https:\/\/www.europesays.com\/se\/wp-json\/wp\/v2\/tags?post=135540"}],"curies":[{"name":"wp","href":"https:\/\/api.w.org\/{rel}","templated":true}]}}