{"id":135546,"date":"2026-01-14T11:39:06","date_gmt":"2026-01-14T11:39:06","guid":{"rendered":"https:\/\/www.europesays.com\/se\/135546\/"},"modified":"2026-01-14T11:39:06","modified_gmt":"2026-01-14T11:39:06","slug":"jag-vagar-knappt-svara-i-telefon-langre-aldre-lurade-i-falsk-windowssupport","status":"publish","type":"post","link":"https:\/\/www.europesays.com\/se\/135546\/","title":{"rendered":"\u201dJag v\u00e5gar knappt svara i telefon l\u00e4ngre\u201d \u2013 \u00e4ldre lurade i falsk windowssupport"},"content":{"rendered":"<p>&#13;<br \/>\n            Fem personer \u00e5talas nu f\u00f6r att ha lurat \u00e4ldre att ringa ett nummer f\u00f6r att l\u00e5sa upp sin dator. &#13;\n        <\/p>\n<p>Fem personer \u00e5talas nu vid \u00d6rebro tingsr\u00e4tt efter att ha lurat pension\u00e4rer via falska Windows popup-meddelanden. Ett omfattande grovt bedr\u00e4geri och dataintr\u00e5ng riktat mot \u00e4ldre personer runt om i hela Sverige h\u00e5ller d\u00e4rmed p\u00e5 att nystas upp.<\/p>\n<p>Utredningen har skett i samarbete mellan polisregionerna i Syd och \u00d6st.<\/p>\n<p>Bedragarna misst\u00e4nks f\u00f6r att under en l\u00e4ngre tid ha utnyttjat fejkade webbsidor som imiterat en popup-ruta fr\u00e5n Windows defender, f\u00f6r att p\u00e5 s\u00e5 s\u00e4tt vinna den brottsutsattas f\u00f6rtroende.<\/p>\n<p>&#8211; Bedr\u00e4gerierna och dataintr\u00e5ngen har fr\u00e4mst riktat sig mot \u00e4ldre anv\u00e4ndare och har spridits genom s\u00e5 kallade &#8221;clickbaits&#8221; \u2013 falska artiklar med lockande rubriker som annonserats mot en \u00e4ldre m\u00e5lgrupp p\u00e5 plattformar som bland annat Google och Facebook, ber\u00e4ttar senior \u00e5klagare Johanna Kolga.<\/p>\n<p>N\u00e4r personerna klickade p\u00e5 l\u00e4nkarna omdirigerades de till en sida som s\u00e5g ut som en s\u00e4kerhetsvarning fr\u00e5n Windows. Samtidigt som popup-rutan blockerade hela sk\u00e4rmen gick ett h\u00f6gljudande alarmljud ig\u00e5ng. Ett telefonnummer angavs, ofta med svenskt prefix, vilket f\u00f6r de drabbade s\u00e5gs som den enda utv\u00e4gen att komma tillr\u00e4tta med problemet.<\/p>\n<p>N\u00e4r numret ringdes upp m\u00f6ttes de av svensktalande personer som utgav sig f\u00f6r att vara teknisk support. Under f\u00f6rev\u00e4ndning att hj\u00e4lpa dem komma till r\u00e4tta med felmeddelandet lurades offren att l\u00e4mna ifr\u00e5n sig personliga uppgifter och ofta att betala stora summor f\u00f6r p\u00e5st\u00e5dda tj\u00e4nster.<\/p>\n<p>&#8211; Det r\u00f6r sig om grovt bedr\u00e4geri och grovt dataintr\u00e5ng, eftersom man blockerat en s\u00e4rskilt utsatt m\u00e5lgrupps datorer, s\u00e4ger Johanna Kolga.<\/p>\n<p>Sv\u00e5rt f\u00f6r polisen att f\u00e5 kontakt<\/p>\n<p>En stor del av utredningsarbetet har f\u00f6rsv\u00e5rats av att de drabbade varit mycket sv\u00e5ra att f\u00e5 kontakt med. M\u00e5nga har f\u00f6rlorat tilltron till det digitala samh\u00e4llet helt och h\u00e5llet efter att ha blivit lurade. Flera av dem har blivit s\u00e5 misst\u00e4nksamma att de inte l\u00e4ngre v\u00e5gar svara i telefon. N\u00e4r utredarna v\u00e4l f\u00e5tt kontakt har de haft sv\u00e5rt att \u00f6vertyga offren om att det verkligen \u00e4r polisen som ringer. Vissa har ber\u00e4ttat att de valt att st\u00e4nga ner sina e-postkonton, sluta anv\u00e4nda internetbank och isolerat sig alltmer fr\u00e5n sociala kontakter.<\/p>\n<p>-M\u00e5nga trodde att \u00e4ven vi var bedragare. De hade tappat tilliten till allt som kommer via telefon eller n\u00e4tet. Det har gjort arbetet extra utmanande, s\u00e4ger Mikael Persson, cyberbrottsutredare vid polisregion Syd.<\/p>\n<p>Utredningen visar att antalet drabbade \u00e4r l\u00e5ngt h\u00f6gre \u00e4n vad som hittills framkommit. M\u00e5nga av de brottsutsatta har inte anm\u00e4lt h\u00e4ndelsen.<\/p>\n<p>It-samarbete avsl\u00f6jade bedragarna<\/p>\n<p>Det som b\u00f6rjade som till synes isolerade fall i olika delar av landet s\u00e5g till en b\u00f6rjan ut att sakna sp\u00e5rbarhet. M\u00e5nga av anm\u00e4lningarna lades \u00e4ven ner initialt, i brist p\u00e5 teknisk bevisning. Men s\u00e5 sm\u00e5ningom lyckades flera av \u00e4rendena knytas ihop och de misst\u00e4nkta bakom bluffen sp\u00e5ras upp. Genom att l\u00e4gga ihop pusselbitar fr\u00e5n olika h\u00e5ll kunde m\u00f6nstret b\u00f6rja sk\u00f6njas och sp\u00e5ren f\u00f6ljas tillbaka till de ansvariga. Tre av g\u00e4rningspersonerna kunde s\u00e5 sm\u00e5ningom gripas i Sverige och tv\u00e5 i Spanien, med hj\u00e4lp av spansk polis.<\/p>\n<p>De \u00e5talade \u00e4r hemmah\u00f6rande i \u00d6rebro, Malm\u00f6, Svedala och Eda.<\/p>\n<p>Var vaksam<\/p>\n<p>Skulle du eller n\u00e5gon i din n\u00e4rhet r\u00e5ka ut f\u00f6r n\u00e5got liknande \u2013 var vaksam och ring inte upp nummer som pl\u00f6tsligt dyker upp p\u00e5 datorn.\u00a0<a href=\"https:\/\/polisen.se\/utsatt-for-brott\/polisanmalan\/bedragerier\/dataintrang\/\" rel=\"nofollow noopener\" target=\"_blank\">H\u00e4r kan du l\u00e4sa mer om vad du g\u00f6r om du blivit utsatt f\u00f6r dataintr\u00e5ng. \u00a0<\/a><\/p>\n","protected":false},"excerpt":{"rendered":"&#13; Fem personer \u00e5talas nu f\u00f6r att ha lurat \u00e4ldre att ringa ett nummer f\u00f6r att l\u00e5sa upp&hellip;\n","protected":false},"author":2,"featured_media":54,"comment_status":"","ping_status":"","sticky":false,"template":"","format":"standard","meta":{"footnotes":""},"categories":[12],"tags":[22,23,26,27,17,21,24,25,28,29,15,16,18,34,31,33,32,30,19,20],"class_list":{"0":"post-135546","1":"post","2":"type-post","3":"status-publish","4":"format-standard","5":"has-post-thumbnail","7":"category-sverige","8":"tag-breaking-news","9":"tag-breakingnews","10":"tag-featured-news","11":"tag-featurednews","12":"tag-headlines","13":"tag-huvudnyheter","14":"tag-latest-news","15":"tag-latestnews","16":"tag-main-news","17":"tag-mainnews","18":"tag-news","19":"tag-nyheter","20":"tag-rubriker","21":"tag-se","22":"tag-svenska","23":"tag-sverige","24":"tag-sweden","25":"tag-swedish","26":"tag-top-stories","27":"tag-topstories"},"share_on_mastodon":{"url":"https:\/\/pubeurope.com\/@se\/115893263648546848","error":""},"_links":{"self":[{"href":"https:\/\/www.europesays.com\/se\/wp-json\/wp\/v2\/posts\/135546","targetHints":{"allow":["GET"]}}],"collection":[{"href":"https:\/\/www.europesays.com\/se\/wp-json\/wp\/v2\/posts"}],"about":[{"href":"https:\/\/www.europesays.com\/se\/wp-json\/wp\/v2\/types\/post"}],"author":[{"embeddable":true,"href":"https:\/\/www.europesays.com\/se\/wp-json\/wp\/v2\/users\/2"}],"replies":[{"embeddable":true,"href":"https:\/\/www.europesays.com\/se\/wp-json\/wp\/v2\/comments?post=135546"}],"version-history":[{"count":0,"href":"https:\/\/www.europesays.com\/se\/wp-json\/wp\/v2\/posts\/135546\/revisions"}],"wp:featuredmedia":[{"embeddable":true,"href":"https:\/\/www.europesays.com\/se\/wp-json\/wp\/v2\/media\/54"}],"wp:attachment":[{"href":"https:\/\/www.europesays.com\/se\/wp-json\/wp\/v2\/media?parent=135546"}],"wp:term":[{"taxonomy":"category","embeddable":true,"href":"https:\/\/www.europesays.com\/se\/wp-json\/wp\/v2\/categories?post=135546"},{"taxonomy":"post_tag","embeddable":true,"href":"https:\/\/www.europesays.com\/se\/wp-json\/wp\/v2\/tags?post=135546"}],"curies":[{"name":"wp","href":"https:\/\/api.w.org\/{rel}","templated":true}]}}