{"id":135547,"date":"2026-01-14T11:40:08","date_gmt":"2026-01-14T11:40:08","guid":{"rendered":"https:\/\/www.europesays.com\/se\/135547\/"},"modified":"2026-01-14T11:40:08","modified_gmt":"2026-01-14T11:40:08","slug":"lagger-forslag-om-uppaning-till-ukraina-2026-2027-vdl","status":"publish","type":"post","link":"https:\/\/www.europesays.com\/se\/135547\/","title":{"rendered":"L\u00c4GGER F\u00d6RSLAG OM UPP\u00c5NING TILL UKRAINA 2026-2027 &#8211; VDL"},"content":{"rendered":"<p class=\"font-sans text-base text-text-main dark:text-text-main-dark font-normal leading-[1.4]\">STOCKHOLM (Nyhetsbyr\u00e5n Direkt) EU-kommissionen har lagt fram ett f\u00f6rslag om EU-uppl\u00e5ning av 90 miljarder euro till Ukraina f\u00f6r \u00e5ren 2026-2027.<\/p>\n<p class=\"font-sans text-base text-text-main dark:text-text-main-dark font-normal leading-[1.4]\">Det meddelade EU-kommissionens ordf\u00f6rande Ursula von der Leyen p\u00e5 onsdagen, enligt Reuters.<\/p>\n<p class=\"font-sans text-base text-text-main dark:text-text-main-dark font-normal leading-[1.4]\">&#8221;Vi tar verkligen n\u00e4sta steg i v\u00e5rt st\u00f6d f\u00f6r att bygga ett starkare och mer stabilt Ukraina&#8221;, sade hon vid en presskonferens i Bryssel.<\/p>\n<p class=\"font-sans text-base text-text-main dark:text-text-main-dark font-normal leading-[1.4]\">Av de 90 miljarderna euro ska 60 miljarder euro vara milit\u00e4rt st\u00f6d och resterande 30 miljarder euro st\u00f6d till landets budget.<\/p>\n<p class=\"font-sans text-base text-text-main dark:text-text-main-dark font-normal leading-[1.4]\">Av EU:s 27 l\u00e4nder deltar 24 i uppl\u00e5ningen, de som st\u00e5r utanf\u00f6r \u00e4r Ungern, Tjeckien och Slovakien.<\/p>\n<p class=\"font-sans text-base text-text-main dark:text-text-main-dark font-normal leading-[1.4]\">Ukraina ska bara beh\u00f6va betala tillbaka l\u00e5net om eller n\u00e4r Ryssland betalar krigsskadest\u00e5nd.<\/p>\n<p class=\"font-sans text-base text-text-main dark:text-text-main-dark font-normal leading-[1.4]\">Sofia Polhammer<\/p>\n<p class=\"font-sans text-base text-text-main dark:text-text-main-dark font-normal leading-[1.4]\">Nyhetsbyr\u00e5n Direkt<\/p>\n<p class=\"font-sans text-base text-text-main dark:text-text-main-dark font-normal leading-[1.4]\">+46 8 5191 7937<\/p>\n","protected":false},"excerpt":{"rendered":"STOCKHOLM (Nyhetsbyr\u00e5n Direkt) EU-kommissionen har lagt fram ett f\u00f6rslag om EU-uppl\u00e5ning av 90 miljarder euro till Ukraina f\u00f6r&hellip;\n","protected":false},"author":2,"featured_media":119816,"comment_status":"","ping_status":"","sticky":false,"template":"","format":"standard","meta":{"footnotes":""},"categories":[5],"tags":[22,23,26,27,17,21,24,25,28,29,15,16,18,34,31,33,32,30,19,20],"class_list":{"0":"post-135547","1":"post","2":"type-post","3":"status-publish","4":"format-standard","5":"has-post-thumbnail","7":"category-rubriker","8":"tag-breaking-news","9":"tag-breakingnews","10":"tag-featured-news","11":"tag-featurednews","12":"tag-headlines","13":"tag-huvudnyheter","14":"tag-latest-news","15":"tag-latestnews","16":"tag-main-news","17":"tag-mainnews","18":"tag-news","19":"tag-nyheter","20":"tag-rubriker","21":"tag-se","22":"tag-svenska","23":"tag-sverige","24":"tag-sweden","25":"tag-swedish","26":"tag-top-stories","27":"tag-topstories"},"share_on_mastodon":{"url":"https:\/\/pubeurope.com\/@se\/115893267476870308","error":""},"_links":{"self":[{"href":"https:\/\/www.europesays.com\/se\/wp-json\/wp\/v2\/posts\/135547","targetHints":{"allow":["GET"]}}],"collection":[{"href":"https:\/\/www.europesays.com\/se\/wp-json\/wp\/v2\/posts"}],"about":[{"href":"https:\/\/www.europesays.com\/se\/wp-json\/wp\/v2\/types\/post"}],"author":[{"embeddable":true,"href":"https:\/\/www.europesays.com\/se\/wp-json\/wp\/v2\/users\/2"}],"replies":[{"embeddable":true,"href":"https:\/\/www.europesays.com\/se\/wp-json\/wp\/v2\/comments?post=135547"}],"version-history":[{"count":0,"href":"https:\/\/www.europesays.com\/se\/wp-json\/wp\/v2\/posts\/135547\/revisions"}],"wp:featuredmedia":[{"embeddable":true,"href":"https:\/\/www.europesays.com\/se\/wp-json\/wp\/v2\/media\/119816"}],"wp:attachment":[{"href":"https:\/\/www.europesays.com\/se\/wp-json\/wp\/v2\/media?parent=135547"}],"wp:term":[{"taxonomy":"category","embeddable":true,"href":"https:\/\/www.europesays.com\/se\/wp-json\/wp\/v2\/categories?post=135547"},{"taxonomy":"post_tag","embeddable":true,"href":"https:\/\/www.europesays.com\/se\/wp-json\/wp\/v2\/tags?post=135547"}],"curies":[{"name":"wp","href":"https:\/\/api.w.org\/{rel}","templated":true}]}}