{"id":135550,"date":"2026-01-14T11:44:07","date_gmt":"2026-01-14T11:44:07","guid":{"rendered":"https:\/\/www.europesays.com\/se\/135550\/"},"modified":"2026-01-14T11:44:07","modified_gmt":"2026-01-14T11:44:07","slug":"apple-slutar-skicka-ut-uppdateringar-till-pixelmator-appen","status":"publish","type":"post","link":"https:\/\/www.europesays.com\/se\/135550\/","title":{"rendered":"Apple slutar skicka ut uppdateringar till Pixelmator-appen"},"content":{"rendered":"<p>I skymundan av lanseringen av <a href=\"https:\/\/www.macworld.se\/article\/3032033\/apple-creator-studio.html\" data-type=\"link\" data-id=\"https:\/\/www.macworld.se\/article\/3032033\/apple-creator-studio.html\" rel=\"nofollow noopener\" target=\"_blank\">Apple Creator Studio<\/a> st\u00e5r det nu \u00e4ven klart att det inte blir n\u00e5gra fler uppdateringar av appen Pixelmator f\u00f6r Iphone, Ipad och Mac.<\/p>\n<p>Anledningen \u00e4r att Apple vill l\u00e4gga krutet p\u00e5 Pixelmator Pro, en dyrare app som bland annat erbjuder mer avancerade redigeringsfunktioner och fullt st\u00f6d f\u00f6r Apple Pencil.<\/p>\n<p>Har du installerat Pixelmator p\u00e5 din dator, mobil eller pekplatta kommer du kunna forts\u00e4tta anv\u00e4nda den tills vidare, men f\u00f6rr eller senare kommer den att sluta fungera som avsett.<\/p>\n","protected":false},"excerpt":{"rendered":"I skymundan av lanseringen av Apple Creator Studio st\u00e5r det nu \u00e4ven klart att det inte blir n\u00e5gra&hellip;\n","protected":false},"author":2,"featured_media":135551,"comment_status":"","ping_status":"","sticky":false,"template":"","format":"standard","meta":{"footnotes":""},"categories":[66],"tags":[80,78,79,34,31,33,32,30,81,84,83,82],"class_list":{"0":"post-135550","1":"post","2":"type-post","3":"status-publish","4":"format-standard","5":"has-post-thumbnail","7":"category-vetenskap-och-teknik","8":"tag-science","9":"tag-science-and-technology","10":"tag-scienceandtechnology","11":"tag-se","12":"tag-svenska","13":"tag-sverige","14":"tag-sweden","15":"tag-swedish","16":"tag-technology","17":"tag-teknik","18":"tag-vetenskap","19":"tag-vetenskapteknik"},"share_on_mastodon":{"url":"https:\/\/pubeurope.com\/@se\/115893283252558509","error":""},"_links":{"self":[{"href":"https:\/\/www.europesays.com\/se\/wp-json\/wp\/v2\/posts\/135550","targetHints":{"allow":["GET"]}}],"collection":[{"href":"https:\/\/www.europesays.com\/se\/wp-json\/wp\/v2\/posts"}],"about":[{"href":"https:\/\/www.europesays.com\/se\/wp-json\/wp\/v2\/types\/post"}],"author":[{"embeddable":true,"href":"https:\/\/www.europesays.com\/se\/wp-json\/wp\/v2\/users\/2"}],"replies":[{"embeddable":true,"href":"https:\/\/www.europesays.com\/se\/wp-json\/wp\/v2\/comments?post=135550"}],"version-history":[{"count":0,"href":"https:\/\/www.europesays.com\/se\/wp-json\/wp\/v2\/posts\/135550\/revisions"}],"wp:featuredmedia":[{"embeddable":true,"href":"https:\/\/www.europesays.com\/se\/wp-json\/wp\/v2\/media\/135551"}],"wp:attachment":[{"href":"https:\/\/www.europesays.com\/se\/wp-json\/wp\/v2\/media?parent=135550"}],"wp:term":[{"taxonomy":"category","embeddable":true,"href":"https:\/\/www.europesays.com\/se\/wp-json\/wp\/v2\/categories?post=135550"},{"taxonomy":"post_tag","embeddable":true,"href":"https:\/\/www.europesays.com\/se\/wp-json\/wp\/v2\/tags?post=135550"}],"curies":[{"name":"wp","href":"https:\/\/api.w.org\/{rel}","templated":true}]}}