{"id":135554,"date":"2026-01-14T11:46:06","date_gmt":"2026-01-14T11:46:06","guid":{"rendered":"https:\/\/www.europesays.com\/se\/135554\/"},"modified":"2026-01-14T11:46:06","modified_gmt":"2026-01-14T11:46:06","slug":"nu-ar-det-nuuk-succe-for-trumpkritisk-keps-varlden","status":"publish","type":"post","link":"https:\/\/www.europesays.com\/se\/135554\/","title":{"rendered":"Nu \u00e4r det Nuuk \u2013 succ\u00e9 f\u00f6r Trumpkritisk keps | V\u00e4rlden"},"content":{"rendered":"<p>Publicerad 14 jan 2026 kl 12.09<\/p>\n<p>En f\u00f6retagsam dansk g\u00f6r sitt eget motst\u00e5nd mot v\u00e4rldsl\u00e4get.\u00a0<\/p>\n<p>Hans kepsar med anti-Trumpbudskap g\u00f6r succ\u00e9.<\/p>\n<p><img   alt=\"\"\/> <\/p>\n<p>Foto: THOMAS TRAASDAHL \/ VIA REUTERS RITZAU SCANPIX DENMARK<\/p>\n<p>\u00d6ppna bild i helsk\u00e4rm<img loading=\"lazy\"   alt=\"\"\/> <\/p>\n<p>Foto: THOMAS TRAASDAHL \/ EPA RITZAU SCANPIX<\/p>\n<p>\u00d6ppna bild i helsk\u00e4rm<\/p>\n<p>\u201dNu \u00e4r det Nuuk\u201d. Ordleken p\u00e5 Jesper T\u00f8nnesens kepsar, d\u00e4r Gr\u00f6nlands huvudstad Nuuk anspelar p\u00e5 det danska ordet \u201dnok\u201d (nog), har lett till f\u00f6rs\u00e4ljningssucc\u00e9.<\/p>\n<p>P\u00e5 sidan finns en blinkning till Trumps Magakepsar: \u201dMake America Go Away\u201d.<\/p>\n<p>F\u00f6rs\u00e4ljningen tog fart sedan danska TV 2:s korrespondent delat en kepsbild.<\/p>\n<p>\u2013 Under helgen s\u00e5lde vi 80 kepsar i butiken och vi hade kunnat s\u00e4lja 1\u00a0000. Men det gjorde vi inte, f\u00f6r vi har inga fler kvar, s\u00e4ger Jesper T\u00f8nnesen, som driver en kl\u00e4dbutik i K\u00f6penhamn, till DR.<\/p>\n<p>Fler kepsar \u00e4r p\u00e5 v\u00e4g till Danmark och Gr\u00f6nland. P\u00e5 de nya, vita eller svarta, finns en gr\u00f6nl\u00e4ndsk flagga och texten \u201dAlready Great\u201d.<\/p>\n<p>Eventuell vinst ska g\u00e5 till utsatta gr\u00f6nl\u00e4ndska barn.<\/p>\n","protected":false},"excerpt":{"rendered":"Publicerad 14 jan 2026 kl 12.09 En f\u00f6retagsam dansk g\u00f6r sitt eget motst\u00e5nd mot v\u00e4rldsl\u00e4get.\u00a0 Hans kepsar med&hellip;\n","protected":false},"author":2,"featured_media":135555,"comment_status":"","ping_status":"","sticky":false,"template":"","format":"standard","meta":{"footnotes":""},"categories":[14],"tags":[22,23,26,27,17,21,24,25,28,29,15,16,18,34,55,31,33,32,30,19,20,51,52,53,54],"class_list":{"0":"post-135554","1":"post","2":"type-post","3":"status-publish","4":"format-standard","5":"has-post-thumbnail","7":"category-varlden","8":"tag-breaking-news","9":"tag-breakingnews","10":"tag-featured-news","11":"tag-featurednews","12":"tag-headlines","13":"tag-huvudnyheter","14":"tag-latest-news","15":"tag-latestnews","16":"tag-main-news","17":"tag-mainnews","18":"tag-news","19":"tag-nyheter","20":"tag-rubriker","21":"tag-se","22":"tag-sections-varlden","23":"tag-svenska","24":"tag-sverige","25":"tag-sweden","26":"tag-swedish","27":"tag-top-stories","28":"tag-topstories","29":"tag-varlden","30":"tag-world","31":"tag-world-news","32":"tag-worldnews"},"share_on_mastodon":{"url":"https:\/\/pubeurope.com\/@se\/115893291203151108","error":""},"_links":{"self":[{"href":"https:\/\/www.europesays.com\/se\/wp-json\/wp\/v2\/posts\/135554","targetHints":{"allow":["GET"]}}],"collection":[{"href":"https:\/\/www.europesays.com\/se\/wp-json\/wp\/v2\/posts"}],"about":[{"href":"https:\/\/www.europesays.com\/se\/wp-json\/wp\/v2\/types\/post"}],"author":[{"embeddable":true,"href":"https:\/\/www.europesays.com\/se\/wp-json\/wp\/v2\/users\/2"}],"replies":[{"embeddable":true,"href":"https:\/\/www.europesays.com\/se\/wp-json\/wp\/v2\/comments?post=135554"}],"version-history":[{"count":0,"href":"https:\/\/www.europesays.com\/se\/wp-json\/wp\/v2\/posts\/135554\/revisions"}],"wp:featuredmedia":[{"embeddable":true,"href":"https:\/\/www.europesays.com\/se\/wp-json\/wp\/v2\/media\/135555"}],"wp:attachment":[{"href":"https:\/\/www.europesays.com\/se\/wp-json\/wp\/v2\/media?parent=135554"}],"wp:term":[{"taxonomy":"category","embeddable":true,"href":"https:\/\/www.europesays.com\/se\/wp-json\/wp\/v2\/categories?post=135554"},{"taxonomy":"post_tag","embeddable":true,"href":"https:\/\/www.europesays.com\/se\/wp-json\/wp\/v2\/tags?post=135554"}],"curies":[{"name":"wp","href":"https:\/\/api.w.org\/{rel}","templated":true}]}}