{"id":135556,"date":"2026-01-14T11:47:09","date_gmt":"2026-01-14T11:47:09","guid":{"rendered":"https:\/\/www.europesays.com\/se\/135556\/"},"modified":"2026-01-14T11:47:09","modified_gmt":"2026-01-14T11:47:09","slug":"lararna-kampade-mot-snon-hotas-med-loneavdrag","status":"publish","type":"post","link":"https:\/\/www.europesays.com\/se\/135556\/","title":{"rendered":"L\u00e4rarna k\u00e4mpade mot sn\u00f6n \u2013 hotas med l\u00f6neavdrag"},"content":{"rendered":"<p>                                    <img decoding=\"async\" src=\"https:\/\/www.europesays.com\/se\/wp-content\/uploads\/2026\/01\/andrea-meiling-sno.jpg\" alt=\"\" loading=\"lazy\"\/><\/p>\n<p class=\"article-headerImageDescription\">L\u00e4rarna kom f\u00f6rsent till jobbet p\u00e5 grund av sn\u00f6kaoset och hotas av l\u00f6neavdrag. Andrea Meiling, ordf\u00f6rande f\u00f6r Sverige L\u00e4rare i G\u00f6teborg, \u00e4r kritisk.<\/p>\n<p class=\"article-preamble\">\n                        Arbetsmilj\u00f6<br \/>\n                        Sn\u00f6n lamslog G\u00f6teborg i samband med skolstarten.<br \/>Nu ska l\u00e4rarna som trots allt k\u00e4mpade sig till skolorna men som kom f\u00f6rsent f\u00e5 l\u00f6neavdrag.<br \/>\u2013 Likv\u00e4rdigheten \u00e4r under all kritik, s\u00e4ger Andrea Meiling, ordf\u00f6rande f\u00f6r Sverige L\u00e4rare i G\u00f6teborg.\n                    <\/p>\n<p>                    <img loading=\"lazy\" decoding=\"async\" class=\"article-bylineImg\" src=\"https:\/\/www.europesays.com\/se\/wp-content\/uploads\/2026\/01\/1768391229_256_jan-huss.jpeg\" width=\"100\" height=\"100\" alt=\"\"\/><\/p>\n<p>Sn\u00f6stormen slog ut trafiken. Bussar och sp\u00e5rvagnar stod stilla. G\u00e5ngv\u00e4garna var oplogade och elever och l\u00e4rare tvingades g\u00e5 i hjulsp\u00e5ren p\u00e5 v\u00e4garna.<\/p>\n<p>Det tog tid och m\u00e5nga kom f\u00f6rsent.<\/p>\n<p>Nu meddelar G\u00f6teborgs stadsf\u00f6rvaltning att de kommer att f\u00e5 avdrag p\u00e5 l\u00f6nen, vilket G\u00f6teborgs-Posten var f\u00f6rst att rapportera.<\/p>\n<p>\u2013 Vi kan inte g\u00f6ra p\u00e5 n\u00e5got annat vis \u00e4n att f\u00f6lja praxis, jobbar man inte ska man inte ha l\u00f6n, s\u00e4ger Ida L\u00f6fqvist, f\u00f6rhandlingschef p\u00e5 G\u00f6teborgs stad.<\/p>\n<p>\u201dRiskerar h\u00e4lsan i kaoset\u201d<\/p>\n<p>Beskedet har tagits emot med ilska av l\u00e4rarna.<\/p>\n<p>\u2013 L\u00e4rare, omsorgs- och v\u00e5rdpersonal fick precis som under pandemin ta sm\u00e4llen. D\u00e5 tvingades vi g\u00e5 till jobbet utan skyddsutrustning och nu skulle vi riskera h\u00e4lsan i sn\u00f6kaoset f\u00f6r att inte bli av med l\u00f6nen, s\u00e4ger Andrea Meiling, ordf\u00f6rande f\u00f6r Sveriges L\u00e4rare i G\u00f6teborg.<\/p>\n<p>Enligt Andrea Meiling valde dessutom m\u00e5nga av skolornas och f\u00f6rskolornas chefer att arbeta hemifr\u00e5n eftersom de inte kunde ta sig fram. Att de nu ska de avg\u00f6ra vilka i personalen som missk\u00f6tt sina arbetstider uppfattas som st\u00f6tande.<\/p>\n<p>\u2013 Beredskapen och likv\u00e4rdigheten \u00e4r under all kritik. G\u00f6teborg hade kunnat ha ett system d\u00e4r l\u00e4rare vid s\u00e5na h\u00e4r exceptionella h\u00e4ndelser g\u00e5r till den skola som ligger n\u00e4rmast f\u00f6r att ta emot eleverna och erbjuda omsorg ist\u00e4llet f\u00f6r att st\u00e5 och v\u00e4nta p\u00e5 kollektivtrafik som aldrig kommer.<\/p>\n<p>                            <img decoding=\"async\" src=\"https:\/\/www.europesays.com\/se\/wp-content\/uploads\/2026\/01\/ida-lofqvist-goteborgs-stad.jpg\" loading=\"lazy\"\/><\/p>\n<p class=\"article-contentImageDescription\">Ida L\u00f6fqvist, f\u00f6rhandlingschef p\u00e5 G\u00f6teborgs stad.<\/p>\n<p>F\u00f6rhandlingschefen Ida L\u00f6fqvist f\u00f6rst\u00e5r frustrationen men menar att regler \u00e4r regler.<\/p>\n<p>\u2013 Det kan uppfattas som ett tufft budskap men det \u00e4r s\u00e5. Vi fick m\u00e5nga fr\u00e5gor fr\u00e5n f\u00f6rvaltningarna efter ov\u00e4dret om vad som g\u00e4llde och beskedet \u00e4r att vi f\u00f6ljer huvudprincipen med lagar och avtal: \u00e4r man inte p\u00e5 jobbet s\u00e5 ska man inte f\u00e5 l\u00f6n.<\/p>\n<p>L\u00e4rarna drabbas h\u00e5rdare<\/p>\n<p>Enligt Ida L\u00f6fqvist \u00e4r det upp till cheferna att bed\u00f6ma hur personalen n\u00e4rvaro ska bed\u00f6mas och vilket eventuellt l\u00f6neavdrag som ska g\u00f6ras.<\/p>\n<p>\u2013 Nu \u00e4r det inte fr\u00e5ga om olovligt fr\u00e5nvaro, f\u00f6r de flesta handlar det sannolikt om sen ankomst och d\u00e5 kan det finnas andra l\u00f6sningar \u00e4n l\u00f6neavdrag, Jag vet att det f\u00f6rs diskussioner att anv\u00e4nda intj\u00e4nad ledighet d\u00e4r det \u00e4r m\u00f6jligt. F\u00f6r l\u00e4rare kan det vara sv\u00e5rare att l\u00f6sa p\u00e5 det s\u00e4ttet men det kan finnas inarbetad \u00f6vertid eller komptid att ta av.<\/p>\n<p>\u00c4ven det ett bevis p\u00e5 bristande likv\u00e4rdighet, anser Andrea Meiling.<\/p>\n<p>\u2013 L\u00e4rare arbetar efter schema och har inte flextid, de har sina semesterdagar inbakade i sommaren och d\u00e4rf\u00f6r blir det dyrare f\u00f6r dem \u00e4n f\u00f6r andra som kan kvitta sen ankomst med intj\u00e4nad ledighet. Om n\u00e5got borde l\u00e4rarna som tog sig till jobbet bel\u00f6nas med risktill\u00e4gg.<\/p>\n<p><strong>L\u00c4S MER:<\/strong><\/p>\n<p><a title=\"Fr\u00e5ga experten: M\u00e5ste jag skotta sn\u00f6 p\u00e5 g\u00e5rden?\" href=\"https:\/\/www.vilarare.se\/forskolan\/dilemmat\/fraga-experten-maste-jag-skotta-sno-pa-garden\/\" rel=\"nofollow noopener\" target=\"_blank\">Fr\u00e5ga experten: M\u00e5ste jag skotta sn\u00f6 p\u00e5 g\u00e5rden?<\/a><\/p>\n<p><a title=\"Sparar pengar \u2013\u00a0p\u00e5 l\u00e4rarnas kaffe\" href=\"https:\/\/www.vilarare.se\/nyheter\/nedskarningar\/sparar-pengar-pa-lararnas-kaffe\/\" rel=\"nofollow noopener\" target=\"_blank\">Sparar pengar \u2013\u00a0p\u00e5 l\u00e4rarnas kaffe<\/a><\/p>\n<p><a title=\"Vilken soppa \u2013 l\u00e4rare kr\u00e4vdes p\u00e5 20 000 kr f\u00f6r lunch\" href=\"https:\/\/www.vilarare.se\/nyheter\/lon--jobb\/vilken-soppa--larare-kravdes-pa-20-000-for-lunch\/\" rel=\"nofollow noopener\" target=\"_blank\">Vilken soppa \u2013 l\u00e4rare kr\u00e4vdes p\u00e5 20 000 kr f\u00f6r lunch<\/a><\/p>\n","protected":false},"excerpt":{"rendered":"L\u00e4rarna kom f\u00f6rsent till jobbet p\u00e5 grund av sn\u00f6kaoset och hotas av l\u00f6neavdrag. Andrea Meiling, ordf\u00f6rande f\u00f6r Sverige&hellip;\n","protected":false},"author":2,"featured_media":135557,"comment_status":"","ping_status":"","sticky":false,"template":"","format":"standard","meta":{"footnotes":""},"categories":[12],"tags":[22,23,26,27,17,21,24,25,28,29,15,16,18,34,31,33,32,30,19,20],"class_list":{"0":"post-135556","1":"post","2":"type-post","3":"status-publish","4":"format-standard","5":"has-post-thumbnail","7":"category-sverige","8":"tag-breaking-news","9":"tag-breakingnews","10":"tag-featured-news","11":"tag-featurednews","12":"tag-headlines","13":"tag-huvudnyheter","14":"tag-latest-news","15":"tag-latestnews","16":"tag-main-news","17":"tag-mainnews","18":"tag-news","19":"tag-nyheter","20":"tag-rubriker","21":"tag-se","22":"tag-svenska","23":"tag-sverige","24":"tag-sweden","25":"tag-swedish","26":"tag-top-stories","27":"tag-topstories"},"share_on_mastodon":{"url":"https:\/\/pubeurope.com\/@se\/115893295120873409","error":""},"_links":{"self":[{"href":"https:\/\/www.europesays.com\/se\/wp-json\/wp\/v2\/posts\/135556","targetHints":{"allow":["GET"]}}],"collection":[{"href":"https:\/\/www.europesays.com\/se\/wp-json\/wp\/v2\/posts"}],"about":[{"href":"https:\/\/www.europesays.com\/se\/wp-json\/wp\/v2\/types\/post"}],"author":[{"embeddable":true,"href":"https:\/\/www.europesays.com\/se\/wp-json\/wp\/v2\/users\/2"}],"replies":[{"embeddable":true,"href":"https:\/\/www.europesays.com\/se\/wp-json\/wp\/v2\/comments?post=135556"}],"version-history":[{"count":0,"href":"https:\/\/www.europesays.com\/se\/wp-json\/wp\/v2\/posts\/135556\/revisions"}],"wp:featuredmedia":[{"embeddable":true,"href":"https:\/\/www.europesays.com\/se\/wp-json\/wp\/v2\/media\/135557"}],"wp:attachment":[{"href":"https:\/\/www.europesays.com\/se\/wp-json\/wp\/v2\/media?parent=135556"}],"wp:term":[{"taxonomy":"category","embeddable":true,"href":"https:\/\/www.europesays.com\/se\/wp-json\/wp\/v2\/categories?post=135556"},{"taxonomy":"post_tag","embeddable":true,"href":"https:\/\/www.europesays.com\/se\/wp-json\/wp\/v2\/tags?post=135556"}],"curies":[{"name":"wp","href":"https:\/\/api.w.org\/{rel}","templated":true}]}}