{"id":135558,"date":"2026-01-14T11:48:07","date_gmt":"2026-01-14T11:48:07","guid":{"rendered":"https:\/\/www.europesays.com\/se\/135558\/"},"modified":"2026-01-14T11:48:07","modified_gmt":"2026-01-14T11:48:07","slug":"polis-overvager-ny-oversyn-av-terrangen-efter-forsvunnen-kvinna-i-uddevalla","status":"publish","type":"post","link":"https:\/\/www.europesays.com\/se\/135558\/","title":{"rendered":"Polis \u00f6verv\u00e4ger ny \u00f6versyn av terr\u00e4ngen efter f\u00f6rsvunnen kvinna i Uddevalla"},"content":{"rendered":"<p>Under f\u00f6rra veckan inleddes en s\u00f6kinsats efter en 18-\u00e5rig kvinna i Uddevalla. Hon s\u00e5gs senast den 6 januari och sedan dess har b\u00e5de polis, milit\u00e4r och frivilligorganisationer s\u00f6kt efter henne. S\u00f6kinsatserna riktades mot ett friluftsomr\u00e5de i Uddevalla d\u00e4r flera kl\u00e4desplagg hittades som polisen bed\u00f6mer tillh\u00f6rde kvinnan.<\/p>\n<p>Polisen s\u00e4ger att det p\u00e5g\u00e5r s\u00f6kinsatser p\u00e5 olika s\u00e4tt, men inte i terr\u00e4ngen d\u00e5 det inte l\u00e4ngre \u00e4r fr\u00e5ga om en r\u00e4ddningsinsats.<\/p>\n<p>\u2013 Nu p\u00e5g\u00e5r det ju en s\u00f6kinsats, \u00e4ven om den mestadels \u00e4r avslutad uppe i omr\u00e5det d\u00e4r vi har varit. Men jag kan t\u00e4nka mig att man g\u00f6r en ny \u00f6versyn nu n\u00e4r det b\u00f6rjar regna och sn\u00f6n b\u00f6rjar f\u00f6rsvinna, s\u00e4ger Thomas Fuxborg, presstalesperson hos polisen.<\/p>\n<p>Kommer man b\u00f6rja s\u00f6ka igen idag?<\/p>\n<p>\u2013 Nej, inte idag. Idag \u00e4r det f\u00f6r bl\u00f6tt och fortfarande mycket sn\u00f6 kvar. Men det kommer s\u00e4kert g\u00f6ras.<\/p>\n<p>Fortfarande finns det inget som tyder p\u00e5 att kvinnan utsatts f\u00f6r brott.<\/p>\n","protected":false},"excerpt":{"rendered":"Under f\u00f6rra veckan inleddes en s\u00f6kinsats efter en 18-\u00e5rig kvinna i Uddevalla. Hon s\u00e5gs senast den 6 januari&hellip;\n","protected":false},"author":2,"featured_media":135559,"comment_status":"","ping_status":"","sticky":false,"template":"","format":"standard","meta":{"footnotes":""},"categories":[5],"tags":[22,23,26,27,17,21,24,25,28,29,15,16,18,34,31,33,32,30,19,20],"class_list":{"0":"post-135558","1":"post","2":"type-post","3":"status-publish","4":"format-standard","5":"has-post-thumbnail","7":"category-rubriker","8":"tag-breaking-news","9":"tag-breakingnews","10":"tag-featured-news","11":"tag-featurednews","12":"tag-headlines","13":"tag-huvudnyheter","14":"tag-latest-news","15":"tag-latestnews","16":"tag-main-news","17":"tag-mainnews","18":"tag-news","19":"tag-nyheter","20":"tag-rubriker","21":"tag-se","22":"tag-svenska","23":"tag-sverige","24":"tag-sweden","25":"tag-swedish","26":"tag-top-stories","27":"tag-topstories"},"share_on_mastodon":{"url":"https:\/\/pubeurope.com\/@se\/115893298954133170","error":""},"_links":{"self":[{"href":"https:\/\/www.europesays.com\/se\/wp-json\/wp\/v2\/posts\/135558","targetHints":{"allow":["GET"]}}],"collection":[{"href":"https:\/\/www.europesays.com\/se\/wp-json\/wp\/v2\/posts"}],"about":[{"href":"https:\/\/www.europesays.com\/se\/wp-json\/wp\/v2\/types\/post"}],"author":[{"embeddable":true,"href":"https:\/\/www.europesays.com\/se\/wp-json\/wp\/v2\/users\/2"}],"replies":[{"embeddable":true,"href":"https:\/\/www.europesays.com\/se\/wp-json\/wp\/v2\/comments?post=135558"}],"version-history":[{"count":0,"href":"https:\/\/www.europesays.com\/se\/wp-json\/wp\/v2\/posts\/135558\/revisions"}],"wp:featuredmedia":[{"embeddable":true,"href":"https:\/\/www.europesays.com\/se\/wp-json\/wp\/v2\/media\/135559"}],"wp:attachment":[{"href":"https:\/\/www.europesays.com\/se\/wp-json\/wp\/v2\/media?parent=135558"}],"wp:term":[{"taxonomy":"category","embeddable":true,"href":"https:\/\/www.europesays.com\/se\/wp-json\/wp\/v2\/categories?post=135558"},{"taxonomy":"post_tag","embeddable":true,"href":"https:\/\/www.europesays.com\/se\/wp-json\/wp\/v2\/tags?post=135558"}],"curies":[{"name":"wp","href":"https:\/\/api.w.org\/{rel}","templated":true}]}}