{"id":135570,"date":"2026-01-14T11:55:08","date_gmt":"2026-01-14T11:55:08","guid":{"rendered":"https:\/\/www.europesays.com\/se\/135570\/"},"modified":"2026-01-14T11:55:08","modified_gmt":"2026-01-14T11:55:08","slug":"smart-dranering-investera-i-framtiden","status":"publish","type":"post","link":"https:\/\/www.europesays.com\/se\/135570\/","title":{"rendered":"Smart dr\u00e4nering &#8211; investera i framtiden"},"content":{"rendered":"<p class=\"normal\">En bra dr\u00e4nering gynnar v\u00e4xtens utveckling b\u00e5de vid torka och vid bl\u00f6tare v\u00e4der. Men kan man \u00e4ven nyttja dr\u00e4neringen till att h\u00e5lla kvar vattnet till gr\u00f6dans f\u00f6rdel n\u00e4r det \u00e4r torrt? Det har forskarna b\u00f6rjat titta p\u00e5 och jobbar med fr\u00e5gan p\u00e5 tv\u00e5 st\u00e4llen i Sverige, p\u00e5 \u00d6land och p\u00e5 \u00d6jebyn Agro. P\u00e5 kontinenten har man jobbat med detta tidigare, s\u00e4rskild l\u00e4ngre s\u00f6der ut, d\u00e4r vattenbrist \u00e4r ett vanligt problem.<\/p>\n<p class=\"normal\">Med den h\u00e4r tr\u00e4ffen vill vi v\u00e4cka ditt intresse f\u00f6r dr\u00e4neringens nytta generellt och specifikt f\u00f6r vilka m\u00f6jligheter det finns med den reglerbara dr\u00e4neringen. Experten f\u00f6r dagen \u00e4r <strong>Marie Lundberg fr\u00e5n Hush\u00e5llningss\u00e4llskapet Norrbotten-V\u00e4sterbotten <\/strong>och hon har jobbat l\u00e4nge som v\u00e4xtodlingsr\u00e5dgivare inom vall och spannm\u00e5l och \u00e4ven med dr\u00e4neringsfr\u00e5gor. Nu \u00e4r hon ansvarig f\u00f6r projektet med reglerbar dr\u00e4nering p\u00e5 \u00d6jebyn Agro Park och ska ber\u00e4tta om dr\u00e4neringens m\u00f6jligheter.<\/p>\n<p class=\"normal\">St\u00f6dhandl\u00e4ggare fr\u00e5n L\u00e4nsstyrelsen kommer att medverka och ber\u00e4tta om vilka m\u00f6jligheter till st\u00f6d som finns och hur processen f\u00f6r att ans\u00f6ka g\u00e5r till. Det finns gott om medel att ans\u00f6ka om investeringsst\u00f6d f\u00f6r dr\u00e4nering i J\u00f6nk\u00f6pings l\u00e4n.<\/p>\n<p class=\"normal\">V\u00e4lkommen till en kv\u00e4ll d\u00e4r vi g\u00f6r ett nedslag i vad vi vet om dr\u00e4nering och samtidigt f\u00e5r l\u00e4ra oss hur vi han dra nytta av dr\u00e4neringen i ett f\u00f6r\u00e4nderligt klimat. Det blir helt enkelt information om hur du kan m\u00f6ta framtiden!<\/p>\n<p class=\"normal\">Vid fr\u00e5gor inf\u00f6r kv\u00e4llen, tveka inte och h\u00f6r av dig till Christoph. Kontaktuppgifterna finns l\u00e4ngre ner p\u00e5 sidan.<\/p>\n","protected":false},"excerpt":{"rendered":"En bra dr\u00e4nering gynnar v\u00e4xtens utveckling b\u00e5de vid torka och vid bl\u00f6tare v\u00e4der. Men kan man \u00e4ven nyttja&hellip;\n","protected":false},"author":2,"featured_media":135571,"comment_status":"","ping_status":"","sticky":false,"template":"","format":"standard","meta":{"footnotes":""},"categories":[12],"tags":[22,23,26,27,17,21,24,25,28,29,15,16,18,34,31,33,32,30,19,20],"class_list":{"0":"post-135570","1":"post","2":"type-post","3":"status-publish","4":"format-standard","5":"has-post-thumbnail","7":"category-sverige","8":"tag-breaking-news","9":"tag-breakingnews","10":"tag-featured-news","11":"tag-featurednews","12":"tag-headlines","13":"tag-huvudnyheter","14":"tag-latest-news","15":"tag-latestnews","16":"tag-main-news","17":"tag-mainnews","18":"tag-news","19":"tag-nyheter","20":"tag-rubriker","21":"tag-se","22":"tag-svenska","23":"tag-sverige","24":"tag-sweden","25":"tag-swedish","26":"tag-top-stories","27":"tag-topstories"},"share_on_mastodon":{"url":"https:\/\/pubeurope.com\/@se\/115893326582252676","error":""},"_links":{"self":[{"href":"https:\/\/www.europesays.com\/se\/wp-json\/wp\/v2\/posts\/135570","targetHints":{"allow":["GET"]}}],"collection":[{"href":"https:\/\/www.europesays.com\/se\/wp-json\/wp\/v2\/posts"}],"about":[{"href":"https:\/\/www.europesays.com\/se\/wp-json\/wp\/v2\/types\/post"}],"author":[{"embeddable":true,"href":"https:\/\/www.europesays.com\/se\/wp-json\/wp\/v2\/users\/2"}],"replies":[{"embeddable":true,"href":"https:\/\/www.europesays.com\/se\/wp-json\/wp\/v2\/comments?post=135570"}],"version-history":[{"count":0,"href":"https:\/\/www.europesays.com\/se\/wp-json\/wp\/v2\/posts\/135570\/revisions"}],"wp:featuredmedia":[{"embeddable":true,"href":"https:\/\/www.europesays.com\/se\/wp-json\/wp\/v2\/media\/135571"}],"wp:attachment":[{"href":"https:\/\/www.europesays.com\/se\/wp-json\/wp\/v2\/media?parent=135570"}],"wp:term":[{"taxonomy":"category","embeddable":true,"href":"https:\/\/www.europesays.com\/se\/wp-json\/wp\/v2\/categories?post=135570"},{"taxonomy":"post_tag","embeddable":true,"href":"https:\/\/www.europesays.com\/se\/wp-json\/wp\/v2\/tags?post=135570"}],"curies":[{"name":"wp","href":"https:\/\/api.w.org\/{rel}","templated":true}]}}