{"id":135582,"date":"2026-01-14T12:05:20","date_gmt":"2026-01-14T12:05:20","guid":{"rendered":"https:\/\/www.europesays.com\/se\/135582\/"},"modified":"2026-01-14T12:05:20","modified_gmt":"2026-01-14T12:05:20","slug":"mordet-pa-mogos-blev-kallt-fall-sparet-som-ger-nytt-hopp-14-januari-2026-p3-krim","status":"publish","type":"post","link":"https:\/\/www.europesays.com\/se\/135582\/","title":{"rendered":"Mordet p\u00e5 Mogos blev kallt fall \u2013 sp\u00e5ret som\u00a0ger nytt hopp 14 januari 2026 &#8211; P3 Krim"},"content":{"rendered":"<p>Kalla fall f\u00f6rknippar m\u00e5nga kanske med mord som skedde f\u00f6r l\u00e4nge sedan men s\u00e5 beh\u00f6ver det inte vara. Flera mord fr\u00e5n \u201dsvarta september\u201d 2023, d\u00e5 tolv personer d\u00f6dades av g\u00e4ngrelaterat v\u00e5ld, \u00e4r ouppklarade och ligger hos polisens Kalla fall-grupper eller \u00e4r p\u00e5 v\u00e4g att \u00f6verl\u00e4mnas dit. <\/p>\n<p>Ett av dem \u00e4r mordet p\u00e5 23-\u00e5rige Mogos i Uppsala. Han sk\u00f6ts ihj\u00e4l i sitt trapphus i Sala backe en tidig morgon. Polisens teori \u00e4r att Mogos inte var den egentliga m\u00e5ltavlan. Den dagen skulle han som vanligt till jobbet i hemtj\u00e4nsten. <\/p>\n<p>\u201dHan skulle b\u00f6rja klockan sju men han kom inte, jag ringde och ringde och blev orolig f\u00f6r det var inte typiskt honom\u201d, s\u00e4ger Mogos chef <strong>Helena Tyrland p\u00e5 S\u00e4vja hemv\u00e5rd<\/strong>. <\/p>\n<p>En person har suttit h\u00e4ktad misst\u00e4nkt f\u00f6r medhj\u00e4lp till mordet men i nul\u00e4get \u00e4r ingen misst\u00e4nkt och i somras l\u00e4mnades utredningen \u00f6ver till Kalla fall-gruppen. Men det finns hopp om att komma vidare. Just nu testar polisen ett tidigare outrett DNA-sp\u00e5r fr\u00e5n brottsplatsen fr\u00e5n en ok\u00e4nd person. <\/p>\n<p>\u201dDet skulle i alla fall kunna vara ganska s\u00e5 sannolikt att den personen har n\u00e5gonting med mordet att g\u00f6ra\u201d, s\u00e4ger <strong>Mikael Eriksson, chef f\u00f6r Kalla fall i Region Mitt<\/strong>. <\/p>\n<p>I avsnittet medverkar ocks\u00e5 <strong>Degol Embaye, m\u00e5ls\u00e4gandebitr\u00e4de <\/strong>f\u00f6r Mogos familj. <\/p>\n<p><strong>Programledare:<\/strong> Petra Berggren och Linus Lindahl<\/p>\n<p><strong>Producent: <\/strong>Jenny Hellstr\u00f6m<\/p>\n<p><strong>Reporter: <\/strong>Fanny Hedenmo<\/p>\n<p><strong>Ljudtekniker: <\/strong>Johan H\u00f6rnqvist<\/p>\n<p><strong>Kontakt: <\/strong><a target=\"_blank\" rel=\"noopener noreferrer nofollow\" href=\"https:\/\/www.sverigesradio.se\/avsnitt\/mailto:p3krim@sverigesradio.se\">p3krim@sverigesradio.se<\/a><\/p>\n<p><strong>Tipstelefon: <\/strong>0734-61 29 15 (samma p\u00e5 Signal)<\/p>\n","protected":false},"excerpt":{"rendered":"Kalla fall f\u00f6rknippar m\u00e5nga kanske med mord som skedde f\u00f6r l\u00e4nge sedan men s\u00e5 beh\u00f6ver det inte vara.&hellip;\n","protected":false},"author":2,"featured_media":135583,"comment_status":"","ping_status":"","sticky":false,"template":"","format":"standard","meta":{"footnotes":""},"categories":[12],"tags":[22,23,26,27,17,21,24,25,28,29,15,16,18,34,31,33,32,30,19,20],"class_list":{"0":"post-135582","1":"post","2":"type-post","3":"status-publish","4":"format-standard","5":"has-post-thumbnail","7":"category-sverige","8":"tag-breaking-news","9":"tag-breakingnews","10":"tag-featured-news","11":"tag-featurednews","12":"tag-headlines","13":"tag-huvudnyheter","14":"tag-latest-news","15":"tag-latestnews","16":"tag-main-news","17":"tag-mainnews","18":"tag-news","19":"tag-nyheter","20":"tag-rubriker","21":"tag-se","22":"tag-svenska","23":"tag-sverige","24":"tag-sweden","25":"tag-swedish","26":"tag-top-stories","27":"tag-topstories"},"share_on_mastodon":{"url":"https:\/\/pubeurope.com\/@se\/115893365927316726","error":""},"_links":{"self":[{"href":"https:\/\/www.europesays.com\/se\/wp-json\/wp\/v2\/posts\/135582","targetHints":{"allow":["GET"]}}],"collection":[{"href":"https:\/\/www.europesays.com\/se\/wp-json\/wp\/v2\/posts"}],"about":[{"href":"https:\/\/www.europesays.com\/se\/wp-json\/wp\/v2\/types\/post"}],"author":[{"embeddable":true,"href":"https:\/\/www.europesays.com\/se\/wp-json\/wp\/v2\/users\/2"}],"replies":[{"embeddable":true,"href":"https:\/\/www.europesays.com\/se\/wp-json\/wp\/v2\/comments?post=135582"}],"version-history":[{"count":0,"href":"https:\/\/www.europesays.com\/se\/wp-json\/wp\/v2\/posts\/135582\/revisions"}],"wp:featuredmedia":[{"embeddable":true,"href":"https:\/\/www.europesays.com\/se\/wp-json\/wp\/v2\/media\/135583"}],"wp:attachment":[{"href":"https:\/\/www.europesays.com\/se\/wp-json\/wp\/v2\/media?parent=135582"}],"wp:term":[{"taxonomy":"category","embeddable":true,"href":"https:\/\/www.europesays.com\/se\/wp-json\/wp\/v2\/categories?post=135582"},{"taxonomy":"post_tag","embeddable":true,"href":"https:\/\/www.europesays.com\/se\/wp-json\/wp\/v2\/tags?post=135582"}],"curies":[{"name":"wp","href":"https:\/\/api.w.org\/{rel}","templated":true}]}}