{"id":135584,"date":"2026-01-14T12:06:22","date_gmt":"2026-01-14T12:06:22","guid":{"rendered":"https:\/\/www.europesays.com\/se\/135584\/"},"modified":"2026-01-14T12:06:22","modified_gmt":"2026-01-14T12:06:22","slug":"smarthetens-dumhet-banar-vag-for-diktatorn-kvartal","status":"publish","type":"post","link":"https:\/\/www.europesays.com\/se\/135584\/","title":{"rendered":"Smarthetens dumhet banar v\u00e4g f\u00f6r diktatorn \u2013 Kvartal"},"content":{"rendered":"<p class=\"text-[17px] sm:text-[18px] leading-[1.5] font-cambon text-text-default-tertiary\">Artikeln <a target=\"_blank\" href=\"https:\/\/kvartal.se\/erikhogstrom\/artiklar\/iran-behover-inte-en-ny-diktator\/cG9zdDo0NTI2OA\" class=\"text-text-brand hover:underline\" rel=\"nofollow noopener\">Iran beh\u00f6ver ingen ny diktator<\/a> \u00e4r ett exempel p\u00e5 vad Adorno och Horkheimer i Upplysningens dialektik ben\u00e4mner som \u201dsmarthetens dumhet\u201d (the stupidity of cleverness). Regiss\u00f6ren Nahid Persson Sarvestani, som representerar den \u201dv\u00e4linformerade intellektuella eliten\u201d, konstruerar ett abstrakt argument f\u00f6r en \u201dverklig demokrati\u201d samtidigt som hon avf\u00e4rdar de konkreta kraven fr\u00e5n just de m\u00e4nniskor hon s\u00e4ger sig st\u00f6tta. Genom att prioritera teoretisk renl\u00e4righet framf\u00f6r politisk verklighet illustrerar texten hur \u201dsmarta m\u00e4nniskor alltid har gjort det l\u00e4tt f\u00f6r barbarerna\u201d (2002, s. 173).<\/p>\n","protected":false},"excerpt":{"rendered":"Artikeln Iran beh\u00f6ver ingen ny diktator \u00e4r ett exempel p\u00e5 vad Adorno och Horkheimer i Upplysningens dialektik ben\u00e4mner&hellip;\n","protected":false},"author":2,"featured_media":135585,"comment_status":"","ping_status":"","sticky":false,"template":"","format":"standard","meta":{"footnotes":""},"categories":[5],"tags":[22,23,1640,26,27,17,21,1530,3692,4239,24,25,28,29,15,16,18,34,31,33,32,30,19,20],"class_list":{"0":"post-135584","1":"post","2":"type-post","3":"status-publish","4":"format-standard","5":"has-post-thumbnail","7":"category-rubriker","8":"tag-breaking-news","9":"tag-breakingnews","10":"tag-demokrati","11":"tag-featured-news","12":"tag-featurednews","13":"tag-headlines","14":"tag-huvudnyheter","15":"tag-iran","16":"tag-islam","17":"tag-islamism","18":"tag-latest-news","19":"tag-latestnews","20":"tag-main-news","21":"tag-mainnews","22":"tag-news","23":"tag-nyheter","24":"tag-rubriker","25":"tag-se","26":"tag-svenska","27":"tag-sverige","28":"tag-sweden","29":"tag-swedish","30":"tag-top-stories","31":"tag-topstories"},"share_on_mastodon":{"url":"https:\/\/pubeurope.com\/@se\/115893369731359316","error":""},"_links":{"self":[{"href":"https:\/\/www.europesays.com\/se\/wp-json\/wp\/v2\/posts\/135584","targetHints":{"allow":["GET"]}}],"collection":[{"href":"https:\/\/www.europesays.com\/se\/wp-json\/wp\/v2\/posts"}],"about":[{"href":"https:\/\/www.europesays.com\/se\/wp-json\/wp\/v2\/types\/post"}],"author":[{"embeddable":true,"href":"https:\/\/www.europesays.com\/se\/wp-json\/wp\/v2\/users\/2"}],"replies":[{"embeddable":true,"href":"https:\/\/www.europesays.com\/se\/wp-json\/wp\/v2\/comments?post=135584"}],"version-history":[{"count":0,"href":"https:\/\/www.europesays.com\/se\/wp-json\/wp\/v2\/posts\/135584\/revisions"}],"wp:featuredmedia":[{"embeddable":true,"href":"https:\/\/www.europesays.com\/se\/wp-json\/wp\/v2\/media\/135585"}],"wp:attachment":[{"href":"https:\/\/www.europesays.com\/se\/wp-json\/wp\/v2\/media?parent=135584"}],"wp:term":[{"taxonomy":"category","embeddable":true,"href":"https:\/\/www.europesays.com\/se\/wp-json\/wp\/v2\/categories?post=135584"},{"taxonomy":"post_tag","embeddable":true,"href":"https:\/\/www.europesays.com\/se\/wp-json\/wp\/v2\/tags?post=135584"}],"curies":[{"name":"wp","href":"https:\/\/api.w.org\/{rel}","templated":true}]}}