{"id":135588,"date":"2026-01-14T12:10:07","date_gmt":"2026-01-14T12:10:07","guid":{"rendered":"https:\/\/www.europesays.com\/se\/135588\/"},"modified":"2026-01-14T12:10:07","modified_gmt":"2026-01-14T12:10:07","slug":"apple-lanserar-creator-studio-nytt-paket-for-proffsanvandare","status":"publish","type":"post","link":"https:\/\/www.europesays.com\/se\/135588\/","title":{"rendered":"Apple lanserar Creator Studio \u2013 nytt paket f\u00f6r proffsanv\u00e4ndare"},"content":{"rendered":"<p>Studenter och l\u00e4rare kan \u00e5 sin sida f\u00e5 utbildningsrabatt, vilket betyder att de bara beh\u00f6ver betala 29 kronor per m\u00e5nad, alternativt 290 kronor per \u00e5r.<\/p>\n<p>\u2013 Apple Creator Studio \u00e4r otroligt v\u00e4rdefullt. Den g\u00f6r det m\u00f6jligt f\u00f6r alla slags kreat\u00f6rer att arbeta med sitt hantverk och utveckla sina f\u00e4rdigheter genom att ge dem tillg\u00e5ng till de mest kraftfulla och intuitiva verktygen f\u00f6r videoredigering, musikskapande, kreativ bildbehandling och visuell produktivitet. Och alla har f\u00f6rst\u00e4rkts med avancerade smarta verktyg f\u00f6r att f\u00f6rb\u00e4ttra och snabba upp arbetsfl\u00f6den, s\u00e4ger Apples mjukvaruchef Eddy Cue i en kommentar som citeras av v\u00e5ra kollegor p\u00e5 <a href=\"https:\/\/www.computerworld.com\/article\/4116160\/apples-new-creator-studio-just-became-a-flagship-service.html\" data-type=\"link\" data-id=\"https:\/\/www.computerworld.com\/article\/4116160\/apples-new-creator-studio-just-became-a-flagship-service.html\" rel=\"nofollow noopener\" target=\"_blank\">Computerworld<\/a>.<\/p>\n<p>Om du ogillar prenumerationer kan du fortfarande k\u00f6pa de enskilda programmen separat, men hur det blir p\u00e5 sikt \u00e5terst\u00e5r att se.<\/p>\n","protected":false},"excerpt":{"rendered":"Studenter och l\u00e4rare kan \u00e5 sin sida f\u00e5 utbildningsrabatt, vilket betyder att de bara beh\u00f6ver betala 29 kronor&hellip;\n","protected":false},"author":2,"featured_media":135589,"comment_status":"","ping_status":"","sticky":false,"template":"","format":"standard","meta":{"footnotes":""},"categories":[66],"tags":[80,78,79,34,31,33,32,30,81,84,83,82],"class_list":{"0":"post-135588","1":"post","2":"type-post","3":"status-publish","4":"format-standard","5":"has-post-thumbnail","7":"category-vetenskap-och-teknik","8":"tag-science","9":"tag-science-and-technology","10":"tag-scienceandtechnology","11":"tag-se","12":"tag-svenska","13":"tag-sverige","14":"tag-sweden","15":"tag-swedish","16":"tag-technology","17":"tag-teknik","18":"tag-vetenskap","19":"tag-vetenskapteknik"},"share_on_mastodon":{"url":"https:\/\/pubeurope.com\/@se\/115893385560719702","error":""},"_links":{"self":[{"href":"https:\/\/www.europesays.com\/se\/wp-json\/wp\/v2\/posts\/135588","targetHints":{"allow":["GET"]}}],"collection":[{"href":"https:\/\/www.europesays.com\/se\/wp-json\/wp\/v2\/posts"}],"about":[{"href":"https:\/\/www.europesays.com\/se\/wp-json\/wp\/v2\/types\/post"}],"author":[{"embeddable":true,"href":"https:\/\/www.europesays.com\/se\/wp-json\/wp\/v2\/users\/2"}],"replies":[{"embeddable":true,"href":"https:\/\/www.europesays.com\/se\/wp-json\/wp\/v2\/comments?post=135588"}],"version-history":[{"count":0,"href":"https:\/\/www.europesays.com\/se\/wp-json\/wp\/v2\/posts\/135588\/revisions"}],"wp:featuredmedia":[{"embeddable":true,"href":"https:\/\/www.europesays.com\/se\/wp-json\/wp\/v2\/media\/135589"}],"wp:attachment":[{"href":"https:\/\/www.europesays.com\/se\/wp-json\/wp\/v2\/media?parent=135588"}],"wp:term":[{"taxonomy":"category","embeddable":true,"href":"https:\/\/www.europesays.com\/se\/wp-json\/wp\/v2\/categories?post=135588"},{"taxonomy":"post_tag","embeddable":true,"href":"https:\/\/www.europesays.com\/se\/wp-json\/wp\/v2\/tags?post=135588"}],"curies":[{"name":"wp","href":"https:\/\/api.w.org\/{rel}","templated":true}]}}