{"id":135593,"date":"2026-01-14T12:13:21","date_gmt":"2026-01-14T12:13:21","guid":{"rendered":"https:\/\/www.europesays.com\/se\/135593\/"},"modified":"2026-01-14T12:13:21","modified_gmt":"2026-01-14T12:13:21","slug":"efter-succen-nu-rivs-jattepartytaltet-varldens-langsta-julklappsoppning-nwt","status":"publish","type":"post","link":"https:\/\/www.europesays.com\/se\/135593\/","title":{"rendered":"Efter succ\u00e9n \u2013 nu rivs j\u00e4ttepartyt\u00e4ltet: \u201dV\u00e4rldens l\u00e4ngsta julklapps\u00f6ppning\u201d &#8211; NWT"},"content":{"rendered":"<ol>\n<li><a href=\"https:\/\/news.google.com\/rss\/articles\/CBMivwFBVV95cUxNNEtnR0Z3d2pjY0d3ejVaWklqM1FvVGZYY2VvRW5aZThGcjdEVjdpcmNLWkpSS2QzUl9LMWZrVE5RS3JGWG81SlV2YnlWRmdlTGVEdzFMOGx0cTVmVE5zYW1vZ1ZEcGIzTW96c2JEWWt2WkxTMzFsUzEzZDZSVi1Xc2thbEVvVzhtcUJnQkUxckhlMGMwS1NldkhoV09OT2h3aWxpeS1YZEliZTY2YUFXYzljVy1OZmRHb1BZSU53SQ?oc=5\" target=\"_blank\" rel=\"nofollow noopener\">Efter succ\u00e9n \u2013 nu rivs j\u00e4ttepartyt\u00e4ltet: \u201dV\u00e4rldens l\u00e4ngsta julklapps\u00f6ppning\u201d<\/a>&nbsp;&nbsp;NWT<\/li>\n<li><a href=\"https:\/\/news.google.com\/rss\/articles\/CBMihwFBVV95cUxORVE5Z05qUVYtLVNySkNxVVdPLXFySHh4Zkc1NDRNWnp2UmFvRWlZVXpWVzlLSXpkb1NDVHBwVHgxc2hpdDRTdUo5cjY3SUtVSkJmSlhPMWdZM0pnbmxIdnc2Mkc4VFJxcGtNd0FzeG9lem14R1JLSGdFcWdoTF9GeU5KX0NCV0k?oc=5\" target=\"_blank\" rel=\"nofollow noopener\">Gigantiska t\u00e4ltet \u00e4r borta i Karlstad<\/a>&nbsp;&nbsp;SVT Nyheter<\/li>\n<li><a href=\"https:\/\/news.google.com\/rss\/articles\/CBMiogFBVV95cUxPWmRQZEVFWUV3U1E4MFdUOW1wSkR1LUtTVGlaOXBGRTJHd0FyTnlBaTU5YzFmcEVUTmZER3Zaa3U1UlJSVmpwU0dnQ3hiMTdHajd1ZnhtZUVHaU42RFBTWlN3M2cxU3dPM1JYQVNWUjNkN1BaeG9IQnhEREY5VUNXQ0dHZFFmTzlqWXlXdEFtT1dsN2Fkd241ZUpzeGZ6aDZmUnc?oc=5\" target=\"_blank\" rel=\"nofollow noopener\">J\u00e4ttet\u00e4ltet vid CSK rivs \u2013 nu kan man se unika byggnaden: \u201dMilstolpe\u201d<\/a>&nbsp;&nbsp;VF<\/li>\n<li><a href=\"https:\/\/news.google.com\/rss\/articles\/CBMiwAFBVV95cUxNUXdJU3hwN1N2dld2SnowTXNxdXJ5czlwbU8ySXUybUxMVXlsMTl0MlJfTzdhQTZDQ1ZVWWFzZnQ4Qkp1eDJvczN5MFFwd19ZZVhMY2hKZ2lkdlNDV3Z5Q0ZieWZVWC1qb3Z4YTM2R0pBZXFXa29hdzJvTXpLT1JTaG5VYXNTT3JMRWxkNVFlMEpaaDZBR25EOHcwX1dQOG5XSS1rLVU3SG42ZEppOVl5bkIyQTAyY0xZSUpMQnZkS2E?oc=5\" target=\"_blank\" rel=\"nofollow noopener\">Under t\u00e4ltet har Mottagningshuset v\u00e4xt fram<\/a>&nbsp;&nbsp;Region V\u00e4rmland<\/li>\n<li><a href=\"https:\/\/news.google.com\/rss\/articles\/CBMilwFBVV95cUxPRmM5QWFjVTZkcVoteE9lb21SNDhoNnBHdWhxYVhpTms3Tm81Ty1xREVwazJpZkI5elRiQVYwSnpVaTByOWVDS2dfNGxBSlVRWnZNaUtGYllIRXNyUlhPbUkzeEQ3YWF0eTVrX3U4V0tFSFVYTE9DLTJhb08yZ01kNDQ2SF82R1ByOXdKOTBvY2ZtQ3NJVEJn?oc=5\" target=\"_blank\" rel=\"nofollow noopener\">Nu river vi t\u00e4ltet<\/a>&nbsp;&nbsp;Region V\u00e4rmland<\/li>\n<\/ol>\n","protected":false},"excerpt":{"rendered":"Efter succ\u00e9n \u2013 nu rivs j\u00e4ttepartyt\u00e4ltet: \u201dV\u00e4rldens l\u00e4ngsta julklapps\u00f6ppning\u201d&nbsp;&nbsp;NWT Gigantiska t\u00e4ltet \u00e4r borta i Karlstad&nbsp;&nbsp;SVT Nyheter J\u00e4ttet\u00e4ltet vid&hellip;\n","protected":false},"author":2,"featured_media":135594,"comment_status":"","ping_status":"","sticky":false,"template":"","format":"standard","meta":{"footnotes":""},"categories":[12],"tags":[22,23,26,27,17,21,24,25,28,29,15,16,18,34,31,33,32,30,19,20],"class_list":{"0":"post-135593","1":"post","2":"type-post","3":"status-publish","4":"format-standard","5":"has-post-thumbnail","7":"category-sverige","8":"tag-breaking-news","9":"tag-breakingnews","10":"tag-featured-news","11":"tag-featurednews","12":"tag-headlines","13":"tag-huvudnyheter","14":"tag-latest-news","15":"tag-latestnews","16":"tag-main-news","17":"tag-mainnews","18":"tag-news","19":"tag-nyheter","20":"tag-rubriker","21":"tag-se","22":"tag-svenska","23":"tag-sverige","24":"tag-sweden","25":"tag-swedish","26":"tag-top-stories","27":"tag-topstories"},"share_on_mastodon":{"url":"https:\/\/pubeurope.com\/@se\/115893397304987422","error":""},"_links":{"self":[{"href":"https:\/\/www.europesays.com\/se\/wp-json\/wp\/v2\/posts\/135593","targetHints":{"allow":["GET"]}}],"collection":[{"href":"https:\/\/www.europesays.com\/se\/wp-json\/wp\/v2\/posts"}],"about":[{"href":"https:\/\/www.europesays.com\/se\/wp-json\/wp\/v2\/types\/post"}],"author":[{"embeddable":true,"href":"https:\/\/www.europesays.com\/se\/wp-json\/wp\/v2\/users\/2"}],"replies":[{"embeddable":true,"href":"https:\/\/www.europesays.com\/se\/wp-json\/wp\/v2\/comments?post=135593"}],"version-history":[{"count":0,"href":"https:\/\/www.europesays.com\/se\/wp-json\/wp\/v2\/posts\/135593\/revisions"}],"wp:featuredmedia":[{"embeddable":true,"href":"https:\/\/www.europesays.com\/se\/wp-json\/wp\/v2\/media\/135594"}],"wp:attachment":[{"href":"https:\/\/www.europesays.com\/se\/wp-json\/wp\/v2\/media?parent=135593"}],"wp:term":[{"taxonomy":"category","embeddable":true,"href":"https:\/\/www.europesays.com\/se\/wp-json\/wp\/v2\/categories?post=135593"},{"taxonomy":"post_tag","embeddable":true,"href":"https:\/\/www.europesays.com\/se\/wp-json\/wp\/v2\/tags?post=135593"}],"curies":[{"name":"wp","href":"https:\/\/api.w.org\/{rel}","templated":true}]}}