{"id":135601,"date":"2026-01-14T12:18:13","date_gmt":"2026-01-14T12:18:13","guid":{"rendered":"https:\/\/www.europesays.com\/se\/135601\/"},"modified":"2026-01-14T12:18:13","modified_gmt":"2026-01-14T12:18:13","slug":"nasas-crew-11-med-en-sjuk-astronaut-kommer-hem-fran-iss-pa-torsdag-utrikes","status":"publish","type":"post","link":"https:\/\/www.europesays.com\/se\/135601\/","title":{"rendered":"Nasas Crew-11 med en sjuk astronaut kommer hem fr\u00e5n ISS p\u00e5 torsdag | Utrikes"},"content":{"rendered":"<p class=\"aw-1gybjub aw-5vja16 kEtdKx kmuxyA yle__article__paragraph\">Fyra personer fr\u00e5n Internationella rymdstationen ISS \u00e5terv\u00e4nder till jorden i f\u00f6rtid. Alla kommer tillbaka redan nu f\u00f6r att en i bes\u00e4ttningen insjuknat.<\/p>\n<p><img decoding=\"async\" alt=\"Astronauterna Mike Fincke, Oleg Platonov, Zena Cardman och Kimiya Yui i rymddr\u00e4kter vinkar till fotograferna. \" src=\"https:\/\/www.europesays.com\/se\/wp-content\/uploads\/2026\/01\/39-1501947688dc2d300b05.jpeg\" class=\"aw-1l9m598 hKVVvP\"\/><\/p>\n<p>\u00d6ppna bildvisare<\/p>\n<p>Space X Crew-11-uppdrag avslutas i f\u00f6rtid p\u00e5 grund av en bes\u00e4ttningsmedlems h\u00e4lsoproblem. Bild: Joe Marino \/ AOPLyssna (du h\u00f6r en artificiell r\u00f6st) 2:00<\/p>\n<p class=\"aw-1gybjub aw-1p7kakr kEtdKx cEmitX yle__article__paragraph\">Den amerikanska rymdorganisationen Nasa tar hem fyra medlemmar ur Crew-11 som arbetat p\u00e5 Internationella rymdstationen ISS. De \u00e5terv\u00e4nder till jorden p\u00e5 torsdag efter att ha jobbat p\u00e5 Nasas elfte uppdrag med rymdbolaget Space X till ISS.<\/p>\n<p class=\"aw-1gybjub aw-1p7kakr kEtdKx cEmitX yle__article__paragraph\"><a class=\"aw-iao6s4 iHOxEa yle__article__link\" href=\"https:\/\/www.nasa.gov\/blogs\/spacestation\/2026\/01\/12\/fincke-hands-over-station-command-crew-preps-for-wednesday-departure\/\" role=\"link\" rel=\"nofollow noopener\" target=\"_blank\">Planen<\/a> \u00e4r att docka fr\u00e5n Harmony-modulens rymdv\u00e4nda port natten mot torsdag finsk tid och landa cirka 12 timmar senare.<\/p>\n<p class=\"aw-1gybjub aw-1p7kakr kEtdKx cEmitX yle__article__paragraph\">Astronauterna, bef\u00e4lhavare <strong class=\"aw-ak79eh KyCXm yle__article__strong\">Zena Cardman<\/strong> och piloten <strong class=\"aw-ak79eh KyCXm yle__article__strong\">Mike Fincke<\/strong> samt Japan Aerospace Exploration Agencys uppdragsspecialist <strong class=\"aw-ak79eh KyCXm yle__article__strong\">Kimiya Yui<\/strong> och Roscosmos uppdragsspecialist <strong class=\"aw-ak79eh KyCXm yle__article__strong\">Oleg Platonov<\/strong>, ska landa utanf\u00f6r Kaliforniens kust.<\/p>\n<p class=\"aw-1gybjub aw-1p7kakr kEtdKx cEmitX yle__article__paragraph\">Rymdkapseln Dragon och bes\u00e4ttningen plockas upp fr\u00e5n Stilla havet av Nasa och f\u00f6rs till Kalifornien innan bes\u00e4ttningsmedlemmarna flyger tillbaka till sina hemorter.<\/p>\n<p class=\"aw-1gybjub aw-1p7kakr kEtdKx cEmitX yle__article__paragraph\">Nasa meddelade f\u00f6r en knapp vecka sedan att uppdraget avslutas i f\u00f6rtid p\u00e5 grund av ett medicinskt problem hos en av de fyra.<\/p>\n<p>Oklart vem som beh\u00f6ver v\u00e5rd<\/p>\n<p class=\"aw-1gybjub aw-1p7kakr kEtdKx cEmitX yle__article__paragraph\">Nasa uppger inte vem som \u00e4r sjuk och p\u00e5 vilket s\u00e4tt, men meddelar \u00e4nd\u00e5 att personens tillst\u00e5nd \u00e4r stabilt. Evakuering vidtas eftersom sjukdomen inte kan behandlas p\u00e5 rymdstationen.<\/p>\n<p class=\"aw-1gybjub aw-1p7kakr kEtdKx cEmitX yle__article__paragraph\">Det ska enligt den information som getts ut inte r\u00f6ra sig om n\u00e5gon skada ombord p\u00e5 ISS.<\/p>\n<p class=\"aw-1gybjub aw-1p7kakr kEtdKx cEmitX yle__article__paragraph\">Alla fyra m\u00e5ste \u00e5terv\u00e4nda eftersom det inte f\u00e5r finnas fler bes\u00e4ttningsmedlemmar p\u00e5 ISS \u00e4n vad det finns platser i de dockade rymdkapslarna.<\/p>\n<p class=\"aw-1gybjub aw-1p7kakr kEtdKx cEmitX yle__article__paragraph\">Det \u00e4r f\u00f6rsta g\u00e5ngen som astronauter tvingas l\u00e4mna rymdstationen p\u00e5 grund av ett medicinskt problem. Rymdstationen har varit kontinuerligt bemannad sedan \u00e5r 2000.<\/p>\n<p class=\"aw-1gybjub aw-1p7kakr kEtdKx cEmitX yle__article__paragraph\">De fyra astronauterna har varit p\u00e5 sitt uppdrag sedan den 1 augusti och enligt den ursprungliga planen skulle bes\u00e4ttningen \u00e5terv\u00e4nda till jorden kring den 20 februari.<\/p>\n","protected":false},"excerpt":{"rendered":"Fyra personer fr\u00e5n Internationella rymdstationen ISS \u00e5terv\u00e4nder till jorden i f\u00f6rtid. Alla kommer tillbaka redan nu f\u00f6r att&hellip;\n","protected":false},"author":2,"featured_media":135602,"comment_status":"","ping_status":"","sticky":false,"template":"","format":"standard","meta":{"footnotes":""},"categories":[66],"tags":[13704,13702,4974,13700,3122,370,13703,13701,80,78,79,34,5353,31,33,32,30,81,84,237,83,82],"class_list":{"0":"post-135601","1":"post","2":"type-post","3":"status-publish","4":"format-standard","5":"has-post-thumbnail","7":"category-vetenskap-och-teknik","8":"tag-astronaut","9":"tag-astronauter","10":"tag-evakuering","11":"tag-internationella-rymdstationen","12":"tag-nasa","13":"tag-rymden","14":"tag-rymdfarder","15":"tag-rymdstationer","16":"tag-science","17":"tag-science-and-technology","18":"tag-scienceandtechnology","19":"tag-se","20":"tag-space-x","21":"tag-svenska","22":"tag-sverige","23":"tag-sweden","24":"tag-swedish","25":"tag-technology","26":"tag-teknik","27":"tag-utrikes","28":"tag-vetenskap","29":"tag-vetenskapteknik"},"share_on_mastodon":{"url":"https:\/\/pubeurope.com\/@se\/115893417064252409","error":""},"_links":{"self":[{"href":"https:\/\/www.europesays.com\/se\/wp-json\/wp\/v2\/posts\/135601","targetHints":{"allow":["GET"]}}],"collection":[{"href":"https:\/\/www.europesays.com\/se\/wp-json\/wp\/v2\/posts"}],"about":[{"href":"https:\/\/www.europesays.com\/se\/wp-json\/wp\/v2\/types\/post"}],"author":[{"embeddable":true,"href":"https:\/\/www.europesays.com\/se\/wp-json\/wp\/v2\/users\/2"}],"replies":[{"embeddable":true,"href":"https:\/\/www.europesays.com\/se\/wp-json\/wp\/v2\/comments?post=135601"}],"version-history":[{"count":0,"href":"https:\/\/www.europesays.com\/se\/wp-json\/wp\/v2\/posts\/135601\/revisions"}],"wp:featuredmedia":[{"embeddable":true,"href":"https:\/\/www.europesays.com\/se\/wp-json\/wp\/v2\/media\/135602"}],"wp:attachment":[{"href":"https:\/\/www.europesays.com\/se\/wp-json\/wp\/v2\/media?parent=135601"}],"wp:term":[{"taxonomy":"category","embeddable":true,"href":"https:\/\/www.europesays.com\/se\/wp-json\/wp\/v2\/categories?post=135601"},{"taxonomy":"post_tag","embeddable":true,"href":"https:\/\/www.europesays.com\/se\/wp-json\/wp\/v2\/tags?post=135601"}],"curies":[{"name":"wp","href":"https:\/\/api.w.org\/{rel}","templated":true}]}}