{"id":135605,"date":"2026-01-14T12:20:08","date_gmt":"2026-01-14T12:20:08","guid":{"rendered":"https:\/\/www.europesays.com\/se\/135605\/"},"modified":"2026-01-14T12:20:08","modified_gmt":"2026-01-14T12:20:08","slug":"trumps-svar-pa-arbetarens-kritik-visade-fingret","status":"publish","type":"post","link":"https:\/\/www.europesays.com\/se\/135605\/","title":{"rendered":"Trumps svar p\u00e5 arbetarens kritik: Visade fingret"},"content":{"rendered":"<p>share-arrowDela<\/p>\n<p>unsaveSpara<\/p>\n<p>expand-left<\/p>\n<p>helsk\u00e4rm<img decoding=\"async\" class=\"image-asset hyperion-css-u06ts1\" data-test-tag=\"image-asset\" src=\"https:\/\/www.europesays.com\/se\/wp-content\/uploads\/2026\/01\/55ed96bc-2cd3-4b68-ba3b-66dbafc51913.jpeg\"  alt=\"USA:s president Donald Trump, fotograferad vid tisdagens bes\u00f6k p\u00e5 Fords fabrik i Dearborn i Michigan. Till v\u00e4nster om honom st\u00e5r Fords styrelseordf\u00f6rande Bill Ford och till h\u00f6ger bolagets vd Jim Farley.\"  loading=\"eager\" fetchpriority=\"high\" style=\"aspect-ratio:1900 \/ 1267\"\/>USA:s president Donald Trump, fotograferad vid tisdagens bes\u00f6k p\u00e5 Fords fabrik i Dearborn i Michigan. Till v\u00e4nster om honom st\u00e5r Fords styrelseordf\u00f6rande Bill Ford och till h\u00f6ger bolagets vd Jim Farley. Foto: Evan Vucci\/AP\/TT<\/p>\n<p class=\"hyperion-css-1shl3oz\" data-test-tag=\"lead-text\">\u201dPedofilbeskyddare!\u201d<\/p>\n<p class=\"hyperion-css-1shl3oz\" data-test-tag=\"lead-text\">Mitt under rundvandringen p\u00e5 en bilfabrik gick en arg arbetare till verbal attack mot Donald Trump.<\/p>\n<p class=\"hyperion-css-1shl3oz\" data-test-tag=\"lead-text\">Presidenten svarade med en obscen gest och grova ord.<\/p>\n<p class=\"hyperion-css-1v9qo5x\">Scenen intr\u00e4ffade under presidentens bes\u00f6k p\u00e5 en Fordfabrik i Dearborn i Michigan, rapporterar amerikanska medier. Trump befanns sig p\u00e5 en g\u00e5ngbro \u00f6ver fabriksgolvet n\u00e4r en anst\u00e4lld h\u00e4cklade honom som \u201dpedofilbeskyddare\u201d, enligt videoklipp.<\/p>\n<p class=\"hyperion-css-1v9qo5x\">Trump v\u00e4nde sig mot personen och s\u00e5g ut att s\u00e4ga \u201dfuck you\u201d tv\u00e5 g\u00e5nger innan han h\u00f6jde sitt l\u00e5ngfinger. D\u00e4refter fortsatte han rundvandringen och vinkade till de anst\u00e4llda.<\/p>\n<p class=\"hyperion-css-1v9qo5x\">Vita husets kommunikationschef Steven Cheung bekr\u00e4ftar h\u00e4ndelsen f\u00f6r The Washington Post. Han h\u00e4nvisar till arbetaren som \u201den galning som vilt skrek svordomar i ett raseriutbrott\u201d och kallar i ett uttalande Trumps respons \u201dl\u00e4mplig och otvetydig\u201d.<\/p>\n<p class=\"hyperion-css-1v9qo5x\">Arbetaren, 40-\u00e5rige TJ Sabula, s\u00e4ger till tidningen att han \u201dinte \u00e5ngrar n\u00e5gonting\u201d och bekr\u00e4ftar att utspelet sprang ur hans frustration \u00f6ver Trumps hantering av utredningen kring den d\u00f6de sexf\u00f6rbrytaren Jeffrey Epstein.<\/p>\n<p class=\"hyperion-css-1v9qo5x\">Fackanslutne Sabula har st\u00e4ngts av fr\u00e5n jobbet i v\u00e4ntan p\u00e5 en utredning och medger att han \u00e4r orolig \u00f6ver att f\u00f6rlora sitt jobb. En crowdfundingkampanj som dragits i g\u00e5ng till st\u00f6d f\u00f6r honom har p\u00e5 mindre \u00e4n ett dygn samlat in motsvarande 1, 2 miljoner kronor.<\/p>\n","protected":false},"excerpt":{"rendered":"share-arrowDela unsaveSpara expand-left helsk\u00e4rmUSA:s president Donald Trump, fotograferad vid tisdagens bes\u00f6k p\u00e5 Fords fabrik i Dearborn i Michigan.&hellip;\n","protected":false},"author":2,"featured_media":135606,"comment_status":"","ping_status":"","sticky":false,"template":"","format":"standard","meta":{"footnotes":""},"categories":[14],"tags":[22,23,26,27,17,21,24,25,28,29,15,16,18,34,31,33,32,30,19,20,51,52,53,54],"class_list":{"0":"post-135605","1":"post","2":"type-post","3":"status-publish","4":"format-standard","5":"has-post-thumbnail","7":"category-varlden","8":"tag-breaking-news","9":"tag-breakingnews","10":"tag-featured-news","11":"tag-featurednews","12":"tag-headlines","13":"tag-huvudnyheter","14":"tag-latest-news","15":"tag-latestnews","16":"tag-main-news","17":"tag-mainnews","18":"tag-news","19":"tag-nyheter","20":"tag-rubriker","21":"tag-se","22":"tag-svenska","23":"tag-sverige","24":"tag-sweden","25":"tag-swedish","26":"tag-top-stories","27":"tag-topstories","28":"tag-varlden","29":"tag-world","30":"tag-world-news","31":"tag-worldnews"},"share_on_mastodon":{"url":"https:\/\/pubeurope.com\/@se\/115893424840725671","error":""},"_links":{"self":[{"href":"https:\/\/www.europesays.com\/se\/wp-json\/wp\/v2\/posts\/135605","targetHints":{"allow":["GET"]}}],"collection":[{"href":"https:\/\/www.europesays.com\/se\/wp-json\/wp\/v2\/posts"}],"about":[{"href":"https:\/\/www.europesays.com\/se\/wp-json\/wp\/v2\/types\/post"}],"author":[{"embeddable":true,"href":"https:\/\/www.europesays.com\/se\/wp-json\/wp\/v2\/users\/2"}],"replies":[{"embeddable":true,"href":"https:\/\/www.europesays.com\/se\/wp-json\/wp\/v2\/comments?post=135605"}],"version-history":[{"count":0,"href":"https:\/\/www.europesays.com\/se\/wp-json\/wp\/v2\/posts\/135605\/revisions"}],"wp:featuredmedia":[{"embeddable":true,"href":"https:\/\/www.europesays.com\/se\/wp-json\/wp\/v2\/media\/135606"}],"wp:attachment":[{"href":"https:\/\/www.europesays.com\/se\/wp-json\/wp\/v2\/media?parent=135605"}],"wp:term":[{"taxonomy":"category","embeddable":true,"href":"https:\/\/www.europesays.com\/se\/wp-json\/wp\/v2\/categories?post=135605"},{"taxonomy":"post_tag","embeddable":true,"href":"https:\/\/www.europesays.com\/se\/wp-json\/wp\/v2\/tags?post=135605"}],"curies":[{"name":"wp","href":"https:\/\/api.w.org\/{rel}","templated":true}]}}