{"id":135611,"date":"2026-01-14T12:24:14","date_gmt":"2026-01-14T12:24:14","guid":{"rendered":"https:\/\/www.europesays.com\/se\/135611\/"},"modified":"2026-01-14T12:24:14","modified_gmt":"2026-01-14T12:24:14","slug":"liv-trion-foljer-inte-efter-koepka","status":"publish","type":"post","link":"https:\/\/www.europesays.com\/se\/135611\/","title":{"rendered":"LIV-trion f\u00f6ljer inte efter Koepka"},"content":{"rendered":"<p>N\u00e4r Brooks Koepka tidigare i veckan <a href=\"https:\/\/www.svenskgolf.se\/tournytt\/koepka-tillbaka-pa-pga-tour-fler-liv-stjarnor-kan-folja\/\" data-type=\"post\" data-id=\"241227\" rel=\"nofollow noopener\" target=\"_blank\">bekr\u00e4ftade sin \u00e5terkomst till PGA Tour<\/a>, \u00f6ppnades d\u00f6rren \u00e4ven f\u00f6r tre andra LIV-spelare. Men Jon Rahm, Bryson DeChambeau och Cameron Smith meddelar att de inte t\u00e4nker f\u00f6lja Koepkas exempel inf\u00f6r s\u00e4songen 2026 \u2013 trots att de formellt varit ber\u00e4ttigade till samma m\u00f6jlighet.<\/p>\n<p>Koepkas comeback m\u00f6jliggjordes genom det nyinf\u00f6rda Returning Member Program, som till\u00e5ter vissa tidigare medlemmar att \u00e5terv\u00e4nda till PGA Tour utan avst\u00e4ngning. Programmet inneb\u00e4r dock k\u00e4nnbara sanktioner, bland annat 5 miljoner dollar i b\u00f6ter (till v\u00e4lg\u00f6renhet) och att Koepka under fem \u00e5r inte \u00e4r ber\u00e4ttigad till ers\u00e4ttning fr\u00e5n Player Equity Program. Han f\u00e5r dessutom inte ta del av FedExCup-bonusar den h\u00e4r s\u00e4songen.<\/p>\n<p>\u201dD\u00e4r jag vill vara\u201d<\/p>\n<p>Under en presskonferens inf\u00f6r LIV Golfs 2026-s\u00e4song i Florida klargjorde trion sin inst\u00e4llning.<\/p>\n<p>\u2013 Jag planerar inte att g\u00e5 n\u00e5gonstans. Jag fokuserar p\u00e5 mitt lag och ligan och hoppas att vi kan f\u00f6rsvara titeln, sade Rahm.<\/p>\n<p>DeChambeau h\u00e4nvisade till sitt kontrakt:<br \/>\u2013 Jag har kontrakt med LIV till och med 2026 och ser fram emot den h\u00e4r s\u00e4songen.<\/p>\n<p>Smith var tydlig med sin lojalitet:<br \/>\u2013 Jag \u00e4r h\u00e4r f\u00f6r att stanna. Jag \u00e4r lagkapten f\u00f6r ett fantastiskt lag och stolt \u00f6ver var jag \u00e4r. Jag ser fram emot att ligan forts\u00e4tter v\u00e4xa.<\/p>\n<p>LIV Golf inleder s\u00e4songen 2026 n\u00e4sta m\u00e5nad i Riyadh, medan Koepka g\u00f6r sin PGA Tour-comeback i Farmers Insurance Open senare i januari.<\/p>\n","protected":false},"excerpt":{"rendered":"N\u00e4r Brooks Koepka tidigare i veckan bekr\u00e4ftade sin \u00e5terkomst till PGA Tour, \u00f6ppnades d\u00f6rren \u00e4ven f\u00f6r tre andra&hellip;\n","protected":false},"author":2,"featured_media":135612,"comment_status":"","ping_status":"","sticky":false,"template":"","format":"standard","meta":{"footnotes":""},"categories":[68],"tags":[34,111,110,31,33,32,30],"class_list":{"0":"post-135611","1":"post","2":"type-post","3":"status-publish","4":"format-standard","5":"has-post-thumbnail","7":"category-sport","8":"tag-se","9":"tag-sport","10":"tag-sports","11":"tag-svenska","12":"tag-sverige","13":"tag-sweden","14":"tag-swedish"},"share_on_mastodon":{"url":"https:\/\/pubeurope.com\/@se\/115893440515981377","error":""},"_links":{"self":[{"href":"https:\/\/www.europesays.com\/se\/wp-json\/wp\/v2\/posts\/135611","targetHints":{"allow":["GET"]}}],"collection":[{"href":"https:\/\/www.europesays.com\/se\/wp-json\/wp\/v2\/posts"}],"about":[{"href":"https:\/\/www.europesays.com\/se\/wp-json\/wp\/v2\/types\/post"}],"author":[{"embeddable":true,"href":"https:\/\/www.europesays.com\/se\/wp-json\/wp\/v2\/users\/2"}],"replies":[{"embeddable":true,"href":"https:\/\/www.europesays.com\/se\/wp-json\/wp\/v2\/comments?post=135611"}],"version-history":[{"count":0,"href":"https:\/\/www.europesays.com\/se\/wp-json\/wp\/v2\/posts\/135611\/revisions"}],"wp:featuredmedia":[{"embeddable":true,"href":"https:\/\/www.europesays.com\/se\/wp-json\/wp\/v2\/media\/135612"}],"wp:attachment":[{"href":"https:\/\/www.europesays.com\/se\/wp-json\/wp\/v2\/media?parent=135611"}],"wp:term":[{"taxonomy":"category","embeddable":true,"href":"https:\/\/www.europesays.com\/se\/wp-json\/wp\/v2\/categories?post=135611"},{"taxonomy":"post_tag","embeddable":true,"href":"https:\/\/www.europesays.com\/se\/wp-json\/wp\/v2\/tags?post=135611"}],"curies":[{"name":"wp","href":"https:\/\/api.w.org\/{rel}","templated":true}]}}