{"id":135613,"date":"2026-01-14T12:26:11","date_gmt":"2026-01-14T12:26:11","guid":{"rendered":"https:\/\/www.europesays.com\/se\/135613\/"},"modified":"2026-01-14T12:26:11","modified_gmt":"2026-01-14T12:26:11","slug":"filmfestivalen-ifragasatter-ministerns-nobb-skanska-dagbladet","status":"publish","type":"post","link":"https:\/\/www.europesays.com\/se\/135613\/","title":{"rendered":"Filmfestivalen ifr\u00e5gas\u00e4tter ministerns nobb &#8211; Sk\u00e5nska Dagbladet"},"content":{"rendered":"<ol>\n<li><a href=\"https:\/\/news.google.com\/rss\/articles\/CBMif0FVX3lxTE5BaEZTX0QtVEt2Uk9TOWdiWTBvS24xTmRWQXAxYTlXX2dKS1NOaHQzNXlZMTVUc1ZfUE96X1VPWEpSU0lTdS1pWklySk56ODQ5dV90ZWpSX2pQNTlQNVVIb09hMk55andMMVdyMEJ4RzZPYkFmNXB4bk5ib0s2MkE?oc=5\" target=\"_blank\" rel=\"nofollow noopener\">Filmfestivalen ifr\u00e5gas\u00e4tter ministerns nobb<\/a>&nbsp;&nbsp;Sk\u00e5nska Dagbladet<\/li>\n<li><a href=\"https:\/\/news.google.com\/rss\/articles\/CBMiekFVX3lxTE92QUZLN1hJQ0ZBWkw0dV9hYjB6LVFWUVRnQVNxX1hwNzZ3dUxLQVRidkN3Z05hX25PV0JodElPa3REdkJ5Y2VvNkdfbm9hQW9UQXN6bXQ0czNZbVNUVXBqQmV5azBoSXBVRzNUUEJqcTNGUGlaemtOSzZ3?oc=5\" target=\"_blank\" rel=\"nofollow noopener\">Filmfestivalens kritik \u2013 efter Liljestrands nobb<\/a>&nbsp;&nbsp;SvD<\/li>\n<li><a href=\"https:\/\/news.google.com\/rss\/articles\/CBMiwwFBVV95cUxNQlRsRm03RkQxdkkxRlZwb3NIZFZJSlhvM2ZWRHpoVThDaUMzUWVYZ1oyWHh5ejRaZmZ5NWJJRjFHM0FfZjdxOFBfUmlaYkNPdHp5WWJDbDdjYkt4dVJSN0lPSUNSUEd5UllPd0RRNUw2cUUtajFlWURTdExtQTE0Q0VYNWtMU3hMNkpjMU1zUG03MC1Qb1pTLUhhaldRZ1ZmNmRfSWhzb1g4UENKQXVQSkN2UEU5bk9faGVTbldlS1dnQkU?oc=5\" target=\"_blank\" rel=\"nofollow noopener\">Kulturministern nobbade Filmfestivalen &#8211; nu ser Socialdemokraterna r\u00f6tt<\/a>&nbsp;&nbsp;GP<\/li>\n<li><a href=\"https:\/\/news.google.com\/rss\/articles\/CBMiqwFBVV95cUxPMm9YSEhxSEk4S2tnblludUl5Y1NsLVJfS01rSnVWWGsxZVQ0WGg3My1OUkx3cVZwSFBqNHo2QnRucDhtcHE1Z0JCdGo2ZkVXcEpGeFRtUXktMEFBMVhuTjFlS0twNGNBMzkyZ0N4LWhaSUdmdkYydXRmWUVRbFJMWG4yT2ota1FhT0ZiT3FQZFJfM3poM1FUT0gwN3NsdGhXS2stUGgtRUNpeTA?oc=5\" target=\"_blank\" rel=\"nofollow noopener\">Kulturministern nobbar G\u00f6teborgs Filmfestival \u2013 m\u00e5ng\u00e5rig tradition bryts<\/a>&nbsp;&nbsp;Sveriges Radio<\/li>\n<li><a href=\"https:\/\/news.google.com\/rss\/articles\/CBMinAFBVV95cUxPTXhmM3RHNlhmUUVlQ0lsdjMwU0NhQndBRUxLbldnTlVyMjBJa2pveEtfbDVxcFI1Tl9nMkFCVjltMGpDdE5fX25qYTcweTVKM1N0Yk9fRENpWGZHbkJrVWNZYTFmZlpJZlE0akpYcTcwYThlMHNuRGhYVDZqMW9oR2pYRHdrajFoUUwwNTFGVGNSR0UtY2VhZlF5LXg?oc=5\" target=\"_blank\" rel=\"nofollow noopener\">Parisa Liljestrand nobbar filmfestival \u2013 buades ut i fjol<\/a>&nbsp;&nbsp;Aftonbladet<\/li>\n<\/ol>\n","protected":false},"excerpt":{"rendered":"Filmfestivalen ifr\u00e5gas\u00e4tter ministerns nobb&nbsp;&nbsp;Sk\u00e5nska Dagbladet Filmfestivalens kritik \u2013 efter Liljestrands nobb&nbsp;&nbsp;SvD Kulturministern nobbade Filmfestivalen &#8211; nu ser Socialdemokraterna&hellip;\n","protected":false},"author":2,"featured_media":135614,"comment_status":"","ping_status":"","sticky":false,"template":"","format":"standard","meta":{"footnotes":""},"categories":[67],"tags":[104,34,31,33,32,30,105],"class_list":{"0":"post-135613","1":"post","2":"type-post","3":"status-publish","4":"format-standard","5":"has-post-thumbnail","7":"category-underhallning","8":"tag-entertainment","9":"tag-se","10":"tag-svenska","11":"tag-sverige","12":"tag-sweden","13":"tag-swedish","14":"tag-underhallning"},"share_on_mastodon":{"url":"https:\/\/pubeurope.com\/@se\/115893448541998653","error":""},"_links":{"self":[{"href":"https:\/\/www.europesays.com\/se\/wp-json\/wp\/v2\/posts\/135613","targetHints":{"allow":["GET"]}}],"collection":[{"href":"https:\/\/www.europesays.com\/se\/wp-json\/wp\/v2\/posts"}],"about":[{"href":"https:\/\/www.europesays.com\/se\/wp-json\/wp\/v2\/types\/post"}],"author":[{"embeddable":true,"href":"https:\/\/www.europesays.com\/se\/wp-json\/wp\/v2\/users\/2"}],"replies":[{"embeddable":true,"href":"https:\/\/www.europesays.com\/se\/wp-json\/wp\/v2\/comments?post=135613"}],"version-history":[{"count":0,"href":"https:\/\/www.europesays.com\/se\/wp-json\/wp\/v2\/posts\/135613\/revisions"}],"wp:featuredmedia":[{"embeddable":true,"href":"https:\/\/www.europesays.com\/se\/wp-json\/wp\/v2\/media\/135614"}],"wp:attachment":[{"href":"https:\/\/www.europesays.com\/se\/wp-json\/wp\/v2\/media?parent=135613"}],"wp:term":[{"taxonomy":"category","embeddable":true,"href":"https:\/\/www.europesays.com\/se\/wp-json\/wp\/v2\/categories?post=135613"},{"taxonomy":"post_tag","embeddable":true,"href":"https:\/\/www.europesays.com\/se\/wp-json\/wp\/v2\/tags?post=135613"}],"curies":[{"name":"wp","href":"https:\/\/api.w.org\/{rel}","templated":true}]}}