{"id":135615,"date":"2026-01-14T12:27:13","date_gmt":"2026-01-14T12:27:13","guid":{"rendered":"https:\/\/www.europesays.com\/se\/135615\/"},"modified":"2026-01-14T12:27:13","modified_gmt":"2026-01-14T12:27:13","slug":"soderberg-nar-vi-skyller-pa-skarmarna-missar-vi-det-verkliga-problemet","status":"publish","type":"post","link":"https:\/\/www.europesays.com\/se\/135615\/","title":{"rendered":"S\u00f6derberg: N\u00e4r vi skyller p\u00e5 sk\u00e4rmarna missar vi det verkliga problemet"},"content":{"rendered":"<p>Detta \u00e4r en kommenterande text. Det \u00e4r skribenten som st\u00e5r f\u00f6r \u00e5sikterna som f\u00f6rs fram.<\/p>\n<p>En sn\u00f6ig och kall vinterdag \u00e4gnade lokalradion en hel f\u00f6rmiddag \u00e5t fr\u00e5gan om \u00f6kad sk\u00e4rmtid har lett till f\u00f6rs\u00e4mrad finmotorik hos barn. Det blev ocks\u00e5, inte ov\u00e4ntat, mycket prat om sl\u00f6jd d\u00e5 m\u00e5nga sl\u00f6jdl\u00e4rare den senaste tiden larmat om hur barns motoriska f\u00f6rm\u00e5gor f\u00f6r\u00e4ndrats, kanske p\u00e5 grund av sk\u00e4rmarnas int\u00e5g. N\u00e4r jag i efterhand lyssnar p\u00e5 programmet dr\u00f6jer sig en tanke kvar: vi tycks envist leta enkla svar i svart och vitt.<\/p>\n<p>Lyssnare ringde in och talade med v\u00e4rme och stolthet om sina sl\u00f6jdade alster. F\u00f6rem\u00e5l som skapades f\u00f6r decennier sedan finns fortfarande kvar i hemmen och fler \u00e4n en g\u00e5ng h\u00f6rs f\u00f6rundran \u00f6ver hur l\u00e5ng tid det m\u00e5ste ha tagit. Flera n\u00e4mner att man var skickligare f\u00f6rr, mer van. Troligen deltog man i sysslor hemma och tr\u00e4nade sin motorik i det lilla, utan att det kallades l\u00e4rande, det var bara s\u00e5.<\/p>\n<p>Kanske \u00e4r sl\u00f6jdlektionen i dag ett av f\u00e5 tillf\u00e4llen d\u00e4r alla barn med h\u00e4nderna som redskap f\u00e5r tillverka n\u00e5got som kr\u00e4ver motst\u00e5nd och upprepning och d\u00e4rigenom ges m\u00f6jlighet att uppt\u00e4cka sin egen f\u00f6rm\u00e5ga att skapa.<\/p>\n<p>Sk\u00e4rmarna \u00e4r ett bra komplement<\/p>\n<p>N\u00e4r utbildnings- och integrationsminister Simona Mohamsson (L) intervjuades i programmet anv\u00e4ndes begreppet sk\u00e4rmar ofta, utan att preciseras. Ibland verkade det handla om mobiltelefoner som ska l\u00e4mnas in under skoldagen, n\u00e5got som redan sker p\u00e5 m\u00e5nga skolor. N\u00e4r resonemanget gled \u00f6ver i visionen om en sk\u00e4rmfri, i praktiken datorfri, skola blev jag mer tveksam. F\u00f6r vilket \u00e4r problemet man vill l\u00f6sa?<\/p>\n<p>Som sl\u00f6jdl\u00e4rare minns jag vilken l\u00e4ttnad det var n\u00e4r digitala resurser och d\u00e4rmed sk\u00e4rmar blev en sj\u00e4lvklar del av undervisningen. Hela hantverksv\u00e4rlden fanns pl\u00f6tsligt tillg\u00e4nglig i sl\u00f6jdsalen och vi sl\u00f6jdl\u00e4rare filmade och delade instruktioner hej vilt. Moment d\u00e4r handens r\u00f6relse \u00e4r avg\u00f6rande eller d\u00e4r detaljerna \u00e4r f\u00f6r sm\u00e5 f\u00f6r att visas f\u00f6r en hel grupp blev enklare att f\u00f6rmedla. Sk\u00e4rmarna blev ett komplement och en inspiration.<\/p>\n<p>Jag tror inte l\u00e4ngre att det \u00e4r s\u00e5 enkelt som att s\u00e4ga att elevernas allt st\u00f6rre sv\u00e5righeter att klippa med en sax eller tr\u00e4 en n\u00e5l beror p\u00e5 att vi har sk\u00e4rmar i skolan eller att det blir mer s\u00e4llsynt att skriva f\u00f6r hand. Det \u00e4r inte sk\u00e4rmarna i sig som tr\u00e4nger undan motorisk tr\u00e4ning, utan de villkor som pr\u00e4glar vardagen f\u00f6r oss alla. N\u00e4r allt m\u00e5ste g\u00e5 snabbt och effektivitet premieras, f\u00f6rsvinner m\u00e5nga av de vardagliga \u00f6vningstillf\u00e4llen som tidigare var sj\u00e4lvklara.\u00a0<\/p>\n<p>Tiden \u00e4r knapp och kraven \u00e4r m\u00e5nga<\/p>\n<p>Forskaren Kine Johansen, fysioterapeut med fokus p\u00e5 tidig uppt\u00e4ckt av motoriska sv\u00e5righeter, intervjuades ocks\u00e5 i programmet. Hon var tydlig med att all motorik \u00e4r f\u00e4rdigheter som m\u00e5ste tr\u00e4nas mycket och ofta, de kommer inte av sig sj\u00e4lv och hon gav exempel p\u00e5 hur bekv\u00e4mligheter som rulltrappor och elsparkcyklar ers\u00e4tter vardagsr\u00f6relse som fr\u00e4mjar motorik\u00f6vning.\u00a0<\/p>\n<p>Skolan kan vara ett viktigt komplement, men den kan aldrig ensam kompensera f\u00f6r ett samh\u00e4lle d\u00e4r tiden \u00e4r knapp och kraven m\u00e5nga. N\u00e4r debatten reduceras till att handla om sk\u00e4rmar riskerar vi att missa det vi verkligen beh\u00f6ver s\u00e4tta fingret p\u00e5: tempot i samh\u00e4llet, f\u00f6renklingarna och n\u00f6dv\u00e4ndigheten att ge barn tid att orka k\u00e4mpa, misslyckas och f\u00f6rs\u00f6ka igen. N\u00e4r vi skyller barns f\u00f6rs\u00e4mrade motorik p\u00e5 sk\u00e4rmarna missar vi det verkliga problemet \u2013 ett samh\u00e4lle som inte l\u00e4ngre ger tid att \u00f6va och n\u00f6ta.<\/p>\n<p><strong>Eva S\u00f6derberg<\/strong> \u00e4r sl\u00f6jdl\u00e4rare p\u00e5 h\u00f6gstadiet p\u00e5 Gl\u00f6storpsskolan i G\u00f6teborg<\/p>\n<p><strong>L\u00c4S \u00c4VEN<\/strong><\/p>\n<p><a title=\"S\u00f6derberg: Vi kan bidra med s\u00e5 mycket kunskap \u2013 men ingen lyssnar\" href=\"https:\/\/www.vilarare.se\/praktisk-estetiska-amnen\/kronika2\/soderberg-vi-kan-bidra-med-sa-mycket-kunskap--men-ingen-lyssnar\/\" rel=\"nofollow noopener\" target=\"_blank\">S\u00f6derberg: Vi kan bidra med s\u00e5 mycket kunskap \u2013 men ingen lyssnar<\/a><\/p>\n<p><a title=\"S\u00f6derberg: Absurt att vi alltid f\u00f6rv\u00e4ntas ha svar p\u00e5 fr\u00e5gan: \u201dhur ligger jag till?\u201d\" href=\"https:\/\/www.vilarare.se\/praktisk-estetiska-amnen\/kronika2\/soderberg-absurt-att-vi-alltid-forvantas-ha-svar-pa-fragan-hur-ligger-jag-till\/\" rel=\"nofollow noopener\" target=\"_blank\">S\u00f6derberg: Absurt att vi alltid f\u00f6rv\u00e4ntas ha svar p\u00e5 fr\u00e5gan: \u201dhur ligger jag till?\u201d<\/a><\/p>\n<p><a title=\"S\u00f6derberg: Handarbete \u00e4r en n\u00f6dv\u00e4ndighet f\u00f6r att hj\u00e4rnan ska m\u00e5 bra\" href=\"https:\/\/www.vilarare.se\/praktisk-estetiska-amnen\/kronika2\/soderberg-handarbete-ar-en-nodvandighet-for-att-hjarnan-ska-ma-bra\/\" rel=\"nofollow noopener\" target=\"_blank\">S\u00f6derberg: Handarbete \u00e4r en n\u00f6dv\u00e4ndighet f\u00f6r att hj\u00e4rnan ska m\u00e5 bra<\/a><\/p>\n<p><a title=\"Fr\u00e5gorna som f\u00f6rdjupar arbetet med loggboken i sl\u00f6jden\" href=\"https:\/\/www.vilarare.se\/praktisk-estetiska-amnen\/praktiska-tips\/fragorna-som-fordjupar-arbetet-med-loggboken-i-slojden\/\" rel=\"nofollow noopener\" target=\"_blank\">Fr\u00e5gorna som f\u00f6rdjupar arbetet med loggboken i sl\u00f6jden<\/a><\/p>\n<p><a title=\"S\u00f6derberg: Den garanterade undervisningstiden \u00e4r ett luftslott\" href=\"https:\/\/www.vilarare.se\/praktisk-estetiska-amnen\/kronika2\/soderberg-den-garanterade-undervisningstiden-ar-ett-luftslott\/\" rel=\"nofollow noopener\" target=\"_blank\">S\u00f6derberg: Den garanterade undervisningstiden \u00e4r ett luftslott<\/a><\/p>\n<p><a title=\"S\u00f6derberg: Lura inte eleverna att l\u00e4rande alltid \u00e4r l\u00e4tt!\" href=\"https:\/\/www.vilarare.se\/praktisk-estetiska-amnen\/kronika2\/soderberg-lura-inte-eleverna-att-larande-alltid-ar-latt\/\" rel=\"nofollow noopener\" target=\"_blank\">S\u00f6derberg: Lura inte eleverna att l\u00e4rande alltid \u00e4r l\u00e4tt!<\/a><\/p>\n<p><a title=\"S\u00f6derberg: Jag fixar inte att utg\u00e5 fr\u00e5n elevernas intresse\" href=\"https:\/\/www.vilarare.se\/praktisk-estetiska-amnen\/kronika2\/soderberg-jag-fixar-inte-att-utga-fran-elevernas-intresse\/\" rel=\"nofollow noopener\" target=\"_blank\">S\u00f6derberg: Jag fixar inte att utg\u00e5 fr\u00e5n elevernas intresse<\/a><\/p>\n","protected":false},"excerpt":{"rendered":"Detta \u00e4r en kommenterande text. Det \u00e4r skribenten som st\u00e5r f\u00f6r \u00e5sikterna som f\u00f6rs fram. En sn\u00f6ig och&hellip;\n","protected":false},"author":2,"featured_media":135616,"comment_status":"","ping_status":"","sticky":false,"template":"","format":"standard","meta":{"footnotes":""},"categories":[66],"tags":[80,78,79,34,31,33,32,30,81,84,83,82],"class_list":{"0":"post-135615","1":"post","2":"type-post","3":"status-publish","4":"format-standard","5":"has-post-thumbnail","7":"category-vetenskap-och-teknik","8":"tag-science","9":"tag-science-and-technology","10":"tag-scienceandtechnology","11":"tag-se","12":"tag-svenska","13":"tag-sverige","14":"tag-sweden","15":"tag-swedish","16":"tag-technology","17":"tag-teknik","18":"tag-vetenskap","19":"tag-vetenskapteknik"},"share_on_mastodon":{"url":"https:\/\/pubeurope.com\/@se\/115893452374280972","error":""},"_links":{"self":[{"href":"https:\/\/www.europesays.com\/se\/wp-json\/wp\/v2\/posts\/135615","targetHints":{"allow":["GET"]}}],"collection":[{"href":"https:\/\/www.europesays.com\/se\/wp-json\/wp\/v2\/posts"}],"about":[{"href":"https:\/\/www.europesays.com\/se\/wp-json\/wp\/v2\/types\/post"}],"author":[{"embeddable":true,"href":"https:\/\/www.europesays.com\/se\/wp-json\/wp\/v2\/users\/2"}],"replies":[{"embeddable":true,"href":"https:\/\/www.europesays.com\/se\/wp-json\/wp\/v2\/comments?post=135615"}],"version-history":[{"count":0,"href":"https:\/\/www.europesays.com\/se\/wp-json\/wp\/v2\/posts\/135615\/revisions"}],"wp:featuredmedia":[{"embeddable":true,"href":"https:\/\/www.europesays.com\/se\/wp-json\/wp\/v2\/media\/135616"}],"wp:attachment":[{"href":"https:\/\/www.europesays.com\/se\/wp-json\/wp\/v2\/media?parent=135615"}],"wp:term":[{"taxonomy":"category","embeddable":true,"href":"https:\/\/www.europesays.com\/se\/wp-json\/wp\/v2\/categories?post=135615"},{"taxonomy":"post_tag","embeddable":true,"href":"https:\/\/www.europesays.com\/se\/wp-json\/wp\/v2\/tags?post=135615"}],"curies":[{"name":"wp","href":"https:\/\/api.w.org\/{rel}","templated":true}]}}