{"id":135620,"date":"2026-01-14T12:30:35","date_gmt":"2026-01-14T12:30:35","guid":{"rendered":"https:\/\/www.europesays.com\/se\/135620\/"},"modified":"2026-01-14T12:30:35","modified_gmt":"2026-01-14T12:30:35","slug":"lasse-och-synna-hoffman-det-strular-till-det-mesta-helagotland","status":"publish","type":"post","link":"https:\/\/www.europesays.com\/se\/135620\/","title":{"rendered":"Lasse och Synna Hoffman: \u201dDet strular till det mesta\u201d &#8211; Helagotland"},"content":{"rendered":"<ol>\n<li><a href=\"https:\/\/news.google.com\/rss\/articles\/CBMilgFBVV95cUxPeUpMSjVLVVZrNzMtU3JaM1MwdEFvd2pMclA4S3R5Zlh3Sm5mdzFWVjRGNFAtVVlBelhCYVUtMk9oWEh3QXZad3k3OTBiNW11dElWd09uY21RZ1RQVVkxSEZHRDVnNXN6TTBhZDQwMmFIcDI2OHRJNUZYaFVZaXVveS01Q1F1NUlpanNOOFFiSzdkT2FUbWc?oc=5\" target=\"_blank\" rel=\"nofollow noopener\">Lasse och Synna Hoffman: \u201dDet strular till det mesta\u201d<\/a>&nbsp;&nbsp;Helagotland<\/li>\n<li><a href=\"https:\/\/news.google.com\/rss\/articles\/CBMimwFBVV95cUxOWHJ6M2hSclYtUGpLN1gyNm4wSnd0YUxmalk0amlaSzVaYzA4cWZDUGpfcUJCcWhiUDl0SWpDd1pESTdUeFVCeXBXOEM4N2JscDFLYUFnZUdnc3hlejhwLUlheUk0eDVkdUhuY1V2NG5HQy1lOThGZ0NueGlSRUtvbWowQzVoeE5HWVZBekltZ3NRMlB0STJIY1BXNA?oc=5\" target=\"_blank\" rel=\"nofollow noopener\">Parasitproven har skickats \u2013 svar v\u00e4ntas i slutet av januari<\/a>&nbsp;&nbsp;Sveriges Radio<\/li>\n<li><a href=\"https:\/\/news.google.com\/rss\/articles\/CBMisgFBVV95cUxQck4yZ3QycGFNNDMzR0szdG9IOGFJOGU0a2EzaTBmNmpMLWFnT2o1N3lUeTdNQjhoZ0ZpX0JDWkdsUTllVTdlLTVEeE00TzJHVHZLWlc5TWpRcl9nRnZsZUVIelRBdmQ2QzFkcjNfZ25Pekc4RHZGUVBmT0JucDNtRWdKM1JYZnNLeXI5NEZJSXRZS3E5aHlUVnc0RWMzMTlWQ3VOUTlPRkJyYmw1Z215SkN3?oc=5\" target=\"_blank\" rel=\"nofollow noopener\">Curt Johansson: \u201dM\u00e5ste f\u00e5 hit en tankb\u00e5t med rent vatten\u201d<\/a>&nbsp;&nbsp;Helagotland<\/li>\n<li><a href=\"https:\/\/news.google.com\/rss\/articles\/CBMipwFBVV95cUxQSUk2SFc5ZUtoTXhWbi1yaG5abmRiZWh1MFZNYnNtUk9NWktkck5ZSUdYbDZidjk3dEg5NEJxSjZCWVNweGpONl9fdHZLMXp5STRmRTdqSk5zYjMzVGI1VjNRbm1QT0plSmQyaFE5NjZCUDRsajlqcHZYbmpBZkd6RGd1VERSdkxSMDN4a1YwY0NBX2pqTVd1dWVFOURMYWF5TFZncVRGNA?oc=5\" target=\"_blank\" rel=\"nofollow noopener\">\u00c5tg\u00e4rderna dr\u00f6jer: \u201dHar f\u00f6rst\u00e5else f\u00f6r att det \u00e4r besv\u00e4rligt\u201d<\/a>&nbsp;&nbsp;Helagotland<\/li>\n<li><a href=\"https:\/\/news.google.com\/rss\/articles\/CBMiqwFBVV95cUxNdGZ5c0pJWGNfWE9wUmdJMVBxVW9KRC1qWWt1Q21UVktXZ0p3ZnBVSzI1VVVwNFZTbS03cTc1MXpKdlQ4TENaQXpIeXdZQXpzM2l5Sy1ibXhSb0JSTVFmX1I2M1l3el9JcVdWM1h2eEpwUHppODdWeGtiUE9xOFBYSkpSbFdia3ljNkx5NG95aFpyWlVhcjdQLS02UjJkbFFyRkJLWkxNUk5mbHc?oc=5\" target=\"_blank\" rel=\"nofollow noopener\">M\u00e5nga k\u00f6per vatten f\u00f6r att l\u00f6sa vattenproblemet \u2013 \u201dLite m\u00e4rkligt\u201d<\/a>&nbsp;&nbsp;SVT Nyheter<\/li>\n<\/ol>\n","protected":false},"excerpt":{"rendered":"Lasse och Synna Hoffman: \u201dDet strular till det mesta\u201d&nbsp;&nbsp;Helagotland Parasitproven har skickats \u2013 svar v\u00e4ntas i slutet av&hellip;\n","protected":false},"author":2,"featured_media":135621,"comment_status":"","ping_status":"","sticky":false,"template":"","format":"standard","meta":{"footnotes":""},"categories":[12],"tags":[22,23,26,27,17,21,24,25,28,29,15,16,18,34,31,33,32,30,19,20],"class_list":{"0":"post-135620","1":"post","2":"type-post","3":"status-publish","4":"format-standard","5":"has-post-thumbnail","7":"category-sverige","8":"tag-breaking-news","9":"tag-breakingnews","10":"tag-featured-news","11":"tag-featurednews","12":"tag-headlines","13":"tag-huvudnyheter","14":"tag-latest-news","15":"tag-latestnews","16":"tag-main-news","17":"tag-mainnews","18":"tag-news","19":"tag-nyheter","20":"tag-rubriker","21":"tag-se","22":"tag-svenska","23":"tag-sverige","24":"tag-sweden","25":"tag-swedish","26":"tag-top-stories","27":"tag-topstories"},"share_on_mastodon":{"url":"https:\/\/pubeurope.com\/@se\/115893464177448690","error":""},"_links":{"self":[{"href":"https:\/\/www.europesays.com\/se\/wp-json\/wp\/v2\/posts\/135620","targetHints":{"allow":["GET"]}}],"collection":[{"href":"https:\/\/www.europesays.com\/se\/wp-json\/wp\/v2\/posts"}],"about":[{"href":"https:\/\/www.europesays.com\/se\/wp-json\/wp\/v2\/types\/post"}],"author":[{"embeddable":true,"href":"https:\/\/www.europesays.com\/se\/wp-json\/wp\/v2\/users\/2"}],"replies":[{"embeddable":true,"href":"https:\/\/www.europesays.com\/se\/wp-json\/wp\/v2\/comments?post=135620"}],"version-history":[{"count":0,"href":"https:\/\/www.europesays.com\/se\/wp-json\/wp\/v2\/posts\/135620\/revisions"}],"wp:featuredmedia":[{"embeddable":true,"href":"https:\/\/www.europesays.com\/se\/wp-json\/wp\/v2\/media\/135621"}],"wp:attachment":[{"href":"https:\/\/www.europesays.com\/se\/wp-json\/wp\/v2\/media?parent=135620"}],"wp:term":[{"taxonomy":"category","embeddable":true,"href":"https:\/\/www.europesays.com\/se\/wp-json\/wp\/v2\/categories?post=135620"},{"taxonomy":"post_tag","embeddable":true,"href":"https:\/\/www.europesays.com\/se\/wp-json\/wp\/v2\/tags?post=135620"}],"curies":[{"name":"wp","href":"https:\/\/api.w.org\/{rel}","templated":true}]}}