{"id":135622,"date":"2026-01-14T12:31:15","date_gmt":"2026-01-14T12:31:15","guid":{"rendered":"https:\/\/www.europesays.com\/se\/135622\/"},"modified":"2026-01-14T12:31:15","modified_gmt":"2026-01-14T12:31:15","slug":"alla-farhagor-har-besannats-agnes-wold-till-hart-angrepp","status":"publish","type":"post","link":"https:\/\/www.europesays.com\/se\/135622\/","title":{"rendered":"\u201dAlla farh\u00e5gor har besannats\u201d \u2013 Agnes Wold till h\u00e5rt angrepp"},"content":{"rendered":"<p>Men nu kommer en v\u00e4ndning i vinterv\u00e4dret.<\/p>\n<p>Imorgon tisdag v\u00e4ntas ett nytt omr\u00e5de med nederb\u00f6rd dra in \u00f6ver s\u00f6dra Sverige.<\/p>\n<p>\u2013 Den str\u00e4ngaste kylan ers\u00e4tts under dagen av mildare luft och sn\u00f6, s\u00e4ger SMHI:s meteorolog Linus Karlsson, till GP.<\/p>\n<p><strong>\u00d6verg\u00e5r i regn<\/strong><\/p>\n<p>Temperaturen v\u00e4ntas forts\u00e4tta upp\u00e5t och n\u00e5 plusgrader i stora delar av s\u00f6dra Sverige.<\/p>\n<p>D\u00e5 \u00f6verg\u00e5r nederb\u00f6rden i regn som kan frysa till is p\u00e5 kalla v\u00e4gar.<\/p>\n<p>Under onsdagen kommer regnet tillta n\u00e4r l\u00e5gtrycket drar in v\u00e4sterifr\u00e5n och sprider sig \u00f6ver s\u00f6dra Sverige.<\/p>\n<p>\u2013 P\u00e5 onsdag tar sig ett l\u00e5gtryck med nederb\u00f6rd in \u00f6ver s\u00f6dra Sverige och h\u00f6gtrycket pressas in \u00f6ver v\u00e4stra Ryssland, s\u00e4ger Viktor Bergman p\u00e5 SMHI, i ett uttalande.<\/p>\n<p>\u2013 Samtidigt f\u00f6rs mildare luft in och i G\u00f6taland ser det ut att falla mest regn. Fr\u00e5n n\u00e5gonstans \u00f6ver sydligaste Svealand och norrut v\u00e4ntas sn\u00f6fall, men exakt var gr\u00e4nsen mellan regn och sn\u00f6 kommer att g\u00e5 \u00e4r fortfarande lite os\u00e4kert.<\/p>\n<p>Det kan komma uppemot 15 millimeter regn lokalt.<\/p>\n<p>Vid kusten kan det bli h\u00e5rda vindbyar, enligt prognosen fr\u00e5n SMHI.<\/p>\n<p>L\u00c4S MER: <a style=\"color: #0000ff;\" href=\"https:\/\/ekonomibladet.se\/detta-saknar-motstycke-slar-tillbaka-mot-trump\/\" rel=\"nofollow noopener\" target=\"_blank\">\u201dDetta saknar motstycke\u201d \u2013 sl\u00e5r tillbaka mot Trump<\/a><\/p>\n<p><strong>V\u00e4dret mot helgen<\/strong><\/p>\n<p>Det fortsatta v\u00e4dret under veckan \u00e4r \u00e4nnu oklart, men enligt prognosen ser inte kylan i s\u00f6dra Sverige ut att \u00e5terv\u00e4nda i n\u00e4rtid.<\/p>\n<p>\u2013 P\u00e5 torsdag ligger resterna av onsdagens sn\u00f6v\u00e4der kvar \u00f6ver norra halvan av landet. I \u00f6vriga delar av landet mest mulet och i huvudsak uppeh\u00e5llsv\u00e4der, s\u00e4ger Viktor Bergman.<\/p>\n<p>\u2013 \u00c4ven under helgen blir det liknande temperaturer, men \u00e4nnu n\u00e5got mildare luft kan ta sig in. Nederb\u00f6rd i form av b\u00e5de sn\u00f6 och regn kan f\u00f6rekomma, s\u00e4rskilt \u00f6ver v\u00e4stra G\u00f6taland och v\u00e4stra Svealand.<\/p>\n<p><strong>N\u00e4sta vecka<\/strong><\/p>\n<p>\u00d6ver helgen och under b\u00f6rjan av n\u00e4sta vecka ser v\u00e4derinstitutet tv\u00e5 olika scenarion framf\u00f6r sig.<\/p>\n<p>\u2013 Antingen forts\u00e4tter det lite som tidigare med h\u00f6gtryck i \u00f6ster och l\u00e5gtryck i v\u00e4ster med ganska milt och bl\u00f6tt v\u00e4der. Alternativt s\u00e5 v\u00e4xer h\u00f6gtrycket tillbaka in \u00f6ver landet och d\u00e5 efterhand kallare igen med minusgrader \u00e4ven i s\u00f6der, s\u00e4ger Viktor Bergman.<\/p>\n<p>L\u00c4S MER: <a style=\"color: #0000ff;\" href=\"https:\/\/ekonomibladet.se\/ovantad-faktura-skickas-ut-via-sms-betala-inte\/\" rel=\"nofollow noopener\" target=\"_blank\">Ov\u00e4ntad faktura skickas ut via sms \u2013 betala inte<\/a><\/p>\n<p>Foto: Joey Huang<\/p>\n<p>Text: Redaktionen<\/p>\n","protected":false},"excerpt":{"rendered":"Men nu kommer en v\u00e4ndning i vinterv\u00e4dret. Imorgon tisdag v\u00e4ntas ett nytt omr\u00e5de med nederb\u00f6rd dra in \u00f6ver&hellip;\n","protected":false},"author":2,"featured_media":135623,"comment_status":"","ping_status":"","sticky":false,"template":"","format":"standard","meta":{"footnotes":""},"categories":[5],"tags":[22,23,26,27,17,21,24,25,28,29,15,16,18,34,31,33,32,30,19,20],"class_list":{"0":"post-135622","1":"post","2":"type-post","3":"status-publish","4":"format-standard","5":"has-post-thumbnail","7":"category-rubriker","8":"tag-breaking-news","9":"tag-breakingnews","10":"tag-featured-news","11":"tag-featurednews","12":"tag-headlines","13":"tag-huvudnyheter","14":"tag-latest-news","15":"tag-latestnews","16":"tag-main-news","17":"tag-mainnews","18":"tag-news","19":"tag-nyheter","20":"tag-rubriker","21":"tag-se","22":"tag-svenska","23":"tag-sverige","24":"tag-sweden","25":"tag-swedish","26":"tag-top-stories","27":"tag-topstories"},"share_on_mastodon":{"url":"https:\/\/pubeurope.com\/@se\/115893468074260802","error":""},"_links":{"self":[{"href":"https:\/\/www.europesays.com\/se\/wp-json\/wp\/v2\/posts\/135622","targetHints":{"allow":["GET"]}}],"collection":[{"href":"https:\/\/www.europesays.com\/se\/wp-json\/wp\/v2\/posts"}],"about":[{"href":"https:\/\/www.europesays.com\/se\/wp-json\/wp\/v2\/types\/post"}],"author":[{"embeddable":true,"href":"https:\/\/www.europesays.com\/se\/wp-json\/wp\/v2\/users\/2"}],"replies":[{"embeddable":true,"href":"https:\/\/www.europesays.com\/se\/wp-json\/wp\/v2\/comments?post=135622"}],"version-history":[{"count":0,"href":"https:\/\/www.europesays.com\/se\/wp-json\/wp\/v2\/posts\/135622\/revisions"}],"wp:featuredmedia":[{"embeddable":true,"href":"https:\/\/www.europesays.com\/se\/wp-json\/wp\/v2\/media\/135623"}],"wp:attachment":[{"href":"https:\/\/www.europesays.com\/se\/wp-json\/wp\/v2\/media?parent=135622"}],"wp:term":[{"taxonomy":"category","embeddable":true,"href":"https:\/\/www.europesays.com\/se\/wp-json\/wp\/v2\/categories?post=135622"},{"taxonomy":"post_tag","embeddable":true,"href":"https:\/\/www.europesays.com\/se\/wp-json\/wp\/v2\/tags?post=135622"}],"curies":[{"name":"wp","href":"https:\/\/api.w.org\/{rel}","templated":true}]}}