{"id":135629,"date":"2026-01-14T12:41:09","date_gmt":"2026-01-14T12:41:09","guid":{"rendered":"https:\/\/www.europesays.com\/se\/135629\/"},"modified":"2026-01-14T12:41:09","modified_gmt":"2026-01-14T12:41:09","slug":"vaccinationsmottagningen-vid-alvkullen-flyttar-efter-mer-an-175-000-stick","status":"publish","type":"post","link":"https:\/\/www.europesays.com\/se\/135629\/","title":{"rendered":"Vaccinationsmottagningen vid \u00c4lvkullen flyttar efter mer \u00e4n 175 000 stick"},"content":{"rendered":"<p class=\"normal\">Vaccinationerna mot covid-19 gavs fr\u00e5n b\u00f6rjan i Karolinen, Karlstad CCC och i L\u00f6fbergs Arena men fr\u00e5n 10 januari 2022 fick Region V\u00e4rmland tillg\u00e5ng till lokalerna i gamla \u00c4lvkullegymnasiet. Sedan starten i lokalerna vid \u00c4lvkullen har det getts vaccin mot covid-19, influensa, pneumokocker, TBE, HPV och olika resevaccinationer.<\/p>\n<p class=\"normal\">Delar av lokalerna ska nu rivas f\u00f6r att ge plats f\u00f6r bost\u00e4der.<\/p>\n<p class=\"normal\">\u2013 Flytten passar bra i v\u00e5r planering d\u00e5 vi inte l\u00e4ngre har behov av lika stora lokaler. De nya lokalerna \u00e4r mindre men ljusa och fina och vi tror att v\u00e5r verksamhet kommer fungera minst lika bra d\u00e4r, s\u00e4ger Kristina H\u00f6gberg, enhetschef f\u00f6r vaccinationsmottagningarna i v\u00e4stra och centrala V\u00e4rmland. <\/p>\n<p class=\"normal\">Det finns parkeringar runt omkring i omr\u00e5det och busslinje 1, 3, 902 och 904 stannar vid Karolinen.<\/p>\n<p class=\"normal\">Den som har en tid bokad fr\u00e5n 19 januari ska allts\u00e5 till Karolinen f\u00f6r att f\u00e5 sina f\u00f6rbokade vaccinationer. <\/p>\n<p><\/p>\n","protected":false},"excerpt":{"rendered":"Vaccinationerna mot covid-19 gavs fr\u00e5n b\u00f6rjan i Karolinen, Karlstad CCC och i L\u00f6fbergs Arena men fr\u00e5n 10 januari&hellip;\n","protected":false},"author":2,"featured_media":15538,"comment_status":"","ping_status":"","sticky":false,"template":"","format":"standard","meta":{"footnotes":""},"categories":[69],"tags":[113,112,34,31,33,32,30],"class_list":{"0":"post-135629","1":"post","2":"type-post","3":"status-publish","4":"format-standard","5":"has-post-thumbnail","7":"category-halsa","8":"tag-halsa","9":"tag-health","10":"tag-se","11":"tag-svenska","12":"tag-sverige","13":"tag-sweden","14":"tag-swedish"},"share_on_mastodon":{"url":"https:\/\/pubeurope.com\/@se\/115893507433906883","error":""},"_links":{"self":[{"href":"https:\/\/www.europesays.com\/se\/wp-json\/wp\/v2\/posts\/135629","targetHints":{"allow":["GET"]}}],"collection":[{"href":"https:\/\/www.europesays.com\/se\/wp-json\/wp\/v2\/posts"}],"about":[{"href":"https:\/\/www.europesays.com\/se\/wp-json\/wp\/v2\/types\/post"}],"author":[{"embeddable":true,"href":"https:\/\/www.europesays.com\/se\/wp-json\/wp\/v2\/users\/2"}],"replies":[{"embeddable":true,"href":"https:\/\/www.europesays.com\/se\/wp-json\/wp\/v2\/comments?post=135629"}],"version-history":[{"count":0,"href":"https:\/\/www.europesays.com\/se\/wp-json\/wp\/v2\/posts\/135629\/revisions"}],"wp:featuredmedia":[{"embeddable":true,"href":"https:\/\/www.europesays.com\/se\/wp-json\/wp\/v2\/media\/15538"}],"wp:attachment":[{"href":"https:\/\/www.europesays.com\/se\/wp-json\/wp\/v2\/media?parent=135629"}],"wp:term":[{"taxonomy":"category","embeddable":true,"href":"https:\/\/www.europesays.com\/se\/wp-json\/wp\/v2\/categories?post=135629"},{"taxonomy":"post_tag","embeddable":true,"href":"https:\/\/www.europesays.com\/se\/wp-json\/wp\/v2\/tags?post=135629"}],"curies":[{"name":"wp","href":"https:\/\/api.w.org\/{rel}","templated":true}]}}