{"id":135630,"date":"2026-01-14T12:42:07","date_gmt":"2026-01-14T12:42:07","guid":{"rendered":"https:\/\/www.europesays.com\/se\/135630\/"},"modified":"2026-01-14T12:42:07","modified_gmt":"2026-01-14T12:42:07","slug":"fem-atalas-for-grova-bedragerier-hemmahorande-i-varmland-nwt","status":"publish","type":"post","link":"https:\/\/www.europesays.com\/se\/135630\/","title":{"rendered":"Fem \u00e5talas f\u00f6r grova bedr\u00e4gerier \u2013 hemmah\u00f6rande i V\u00e4rmland &#8211; NWT"},"content":{"rendered":"<ol>\n<li><a href=\"https:\/\/news.google.com\/rss\/articles\/CBMimAFBVV95cUxNMW5aSFFTZ1AteEt4UjNOcGozOTExM0g4RXhoT0htWWZqcFVPeWpwdjJEdWZkQ0pNSmI0eFQ5T2ozbnhtZ0w1TUJFcDNBeFV5eG9uNkpCdE12SXVMbERFblZ6a2pfODZISTFFVzNVVFdqM09mcnNkZUx1cnhuSHNycjcxNk95d01JMUlEVWVKUDYyU2xMQjVFcw?oc=5\" target=\"_blank\" rel=\"nofollow noopener\">Fem \u00e5talas f\u00f6r grova bedr\u00e4gerier \u2013 hemmah\u00f6rande i V\u00e4rmland<\/a>&nbsp;&nbsp;NWT<\/li>\n<li><a href=\"https:\/\/news.google.com\/rss\/articles\/CBMijwFBVV95cUxNcjREcU9mZEYyalRZT21BSXN1RTdKNnp6ZjdYb19zVV9NVmFJYXVDUXZJRlpyVDd5Z1dSbHUySUVuSHY0SnJxUVQ4YUpSMExFZG5URDRVSkN6LWxlQUllNEw4N3FweU9nYmFnYmpfWHVCZGFDc3M4RFd3Z0YwR2VqSGhuUmpoU1pqLWhQcmo0OA?oc=5\" target=\"_blank\" rel=\"nofollow noopener\">\u00c4ldre lurades p\u00e5 fejkade sajter \u2013 fem \u00e5talas<\/a>&nbsp;&nbsp;Aftonbladet<\/li>\n<li><a href=\"https:\/\/news.google.com\/rss\/articles\/CBMiygFBVV95cUxOak96dnB0MjdLb1F4dFlTRzlnUm1KWnhmY1NDWFktREFKX3dKemlNajhlVWdJQ2R4cVpRWXpPcmhfWFZGUEU4OFNMcmNScUdsVDc0YnNMOE5EN19LNWJEVnpTYmZoYTV1QXR0bDVXVGpyN3RBcDdkWFJMWW5mQ0d3N2ptU2lEaDRTR2MtcHk0SGhheWFFRUFZVmpmZTZHczU0eV9vNHg3dy1TTzNhaXJKdFVSa3ppUkxuM1lCbTliWm0zTW5pdnhZbVNR?oc=5\" target=\"_blank\" rel=\"nofollow noopener\">\u201dJag v\u00e5gar knappt svara i telefon l\u00e4ngre\u201d \u2013 \u00e4ldre lurade i falsk windowssupport<\/a>&nbsp;&nbsp;polisen.se<\/li>\n<li><a href=\"https:\/\/news.google.com\/rss\/articles\/CBMingFBVV95cUxPc0VjLWtueUR2bnV5bnRXeEQ5eTZsSVQyZmd4TUZPMkhvU1JfeVZ1WWxkSnA3bmlLR3NtdTFhblhsM1E5Y2wyd0RySnBmbE5GelBMclhnS3BKa0hGcFMtNHlXdzlZTkJiQjdFRFpjdFJzM2JhSmo5MHhNcVV5VTRpYXIyV3VvVjBTdkZnWGt4V0ZQQi1CT0xla1ZuenZTQQ?oc=5\" target=\"_blank\" rel=\"nofollow noopener\">\u00c4ldre lurades i avancerat dataintr\u00e5ng \u2013 nu \u00e5talas fem personer<\/a>&nbsp;&nbsp;Sveriges Radio<\/li>\n<li><a href=\"https:\/\/news.google.com\/rss\/articles\/CBMigAFBVV95cUxPeXBLeVM0aTJqOUJCdTFBa0gycUFIYjN6Q0dsTXJ3aGpiZ0Q2VkxyQk1iajRVcGw3Wm85N3JacVNQaUctazRWTFlXRXI0Vnp1ZTIxN0E1ZVB6c0ZscV9fcnBjOE5CeHliVUdyemhIZ2JnU2lhdjUwazJoVURVbnhUSA?oc=5\" target=\"_blank\" rel=\"nofollow noopener\">Fem \u00e5talas \u2013 lurade \u00e4ldre att ringa falsk kundtj\u00e4nst<\/a>&nbsp;&nbsp;Omni<\/li>\n<\/ol>\n","protected":false},"excerpt":{"rendered":"Fem \u00e5talas f\u00f6r grova bedr\u00e4gerier \u2013 hemmah\u00f6rande i V\u00e4rmland&nbsp;&nbsp;NWT \u00c4ldre lurades p\u00e5 fejkade sajter \u2013 fem \u00e5talas&nbsp;&nbsp;Aftonbladet \u201dJag&hellip;\n","protected":false},"author":2,"featured_media":135631,"comment_status":"","ping_status":"","sticky":false,"template":"","format":"standard","meta":{"footnotes":""},"categories":[68],"tags":[34,111,110,31,33,32,30],"class_list":{"0":"post-135630","1":"post","2":"type-post","3":"status-publish","4":"format-standard","5":"has-post-thumbnail","7":"category-sport","8":"tag-se","9":"tag-sport","10":"tag-sports","11":"tag-svenska","12":"tag-sverige","13":"tag-sweden","14":"tag-swedish"},"share_on_mastodon":{"url":"https:\/\/pubeurope.com\/@se\/115893511325120767","error":""},"_links":{"self":[{"href":"https:\/\/www.europesays.com\/se\/wp-json\/wp\/v2\/posts\/135630","targetHints":{"allow":["GET"]}}],"collection":[{"href":"https:\/\/www.europesays.com\/se\/wp-json\/wp\/v2\/posts"}],"about":[{"href":"https:\/\/www.europesays.com\/se\/wp-json\/wp\/v2\/types\/post"}],"author":[{"embeddable":true,"href":"https:\/\/www.europesays.com\/se\/wp-json\/wp\/v2\/users\/2"}],"replies":[{"embeddable":true,"href":"https:\/\/www.europesays.com\/se\/wp-json\/wp\/v2\/comments?post=135630"}],"version-history":[{"count":0,"href":"https:\/\/www.europesays.com\/se\/wp-json\/wp\/v2\/posts\/135630\/revisions"}],"wp:featuredmedia":[{"embeddable":true,"href":"https:\/\/www.europesays.com\/se\/wp-json\/wp\/v2\/media\/135631"}],"wp:attachment":[{"href":"https:\/\/www.europesays.com\/se\/wp-json\/wp\/v2\/media?parent=135630"}],"wp:term":[{"taxonomy":"category","embeddable":true,"href":"https:\/\/www.europesays.com\/se\/wp-json\/wp\/v2\/categories?post=135630"},{"taxonomy":"post_tag","embeddable":true,"href":"https:\/\/www.europesays.com\/se\/wp-json\/wp\/v2\/tags?post=135630"}],"curies":[{"name":"wp","href":"https:\/\/api.w.org\/{rel}","templated":true}]}}