{"id":135634,"date":"2026-01-14T12:47:22","date_gmt":"2026-01-14T12:47:22","guid":{"rendered":"https:\/\/www.europesays.com\/se\/135634\/"},"modified":"2026-01-14T12:47:22","modified_gmt":"2026-01-14T12:47:22","slug":"olycka-pa-vag-530-vid-hummelsta-orsakar-stopp","status":"publish","type":"post","link":"https:\/\/www.europesays.com\/se\/135634\/","title":{"rendered":"Olycka p\u00e5 v\u00e4g 530 vid Hummelsta orsakar stopp"},"content":{"rendered":"<p>Klockan 07.01 gick larmet om olyckan som intr\u00e4ffat p\u00e5 v\u00e4g 530 mellan Fiskvik och Hummelsta utanf\u00f6r Grillby. Enligt Trafikverket \u00e4r det stopp i b\u00e5da riktningarna.R\u00e4ddningstj\u00e4nsten uppger att ett lastbilens sl\u00e4p, fyllt med sand, har v\u00e4lt och ligger ute p\u00e5 \u00e5kern. Dragbilen st\u00e5r s\u00e5 att det inte g\u00e5r att komma f\u00f6rbi p\u00e5 v\u00e4gen. B\u00e4rgare beh\u00f6ver komma till platsen innan det bli<\/p>\n","protected":false},"excerpt":{"rendered":"Klockan 07.01 gick larmet om olyckan som intr\u00e4ffat p\u00e5 v\u00e4g 530 mellan Fiskvik och Hummelsta utanf\u00f6r Grillby. Enligt&hellip;\n","protected":false},"author":2,"featured_media":64692,"comment_status":"","ping_status":"","sticky":false,"template":"","format":"standard","meta":{"footnotes":""},"categories":[12],"tags":[22,23,26,27,17,21,24,25,28,29,15,16,18,34,31,33,32,30,19,20],"class_list":{"0":"post-135634","1":"post","2":"type-post","3":"status-publish","4":"format-standard","5":"has-post-thumbnail","7":"category-sverige","8":"tag-breaking-news","9":"tag-breakingnews","10":"tag-featured-news","11":"tag-featurednews","12":"tag-headlines","13":"tag-huvudnyheter","14":"tag-latest-news","15":"tag-latestnews","16":"tag-main-news","17":"tag-mainnews","18":"tag-news","19":"tag-nyheter","20":"tag-rubriker","21":"tag-se","22":"tag-svenska","23":"tag-sverige","24":"tag-sweden","25":"tag-swedish","26":"tag-top-stories","27":"tag-topstories"},"share_on_mastodon":{"url":"https:\/\/pubeurope.com\/@se\/115893531039503235","error":""},"_links":{"self":[{"href":"https:\/\/www.europesays.com\/se\/wp-json\/wp\/v2\/posts\/135634","targetHints":{"allow":["GET"]}}],"collection":[{"href":"https:\/\/www.europesays.com\/se\/wp-json\/wp\/v2\/posts"}],"about":[{"href":"https:\/\/www.europesays.com\/se\/wp-json\/wp\/v2\/types\/post"}],"author":[{"embeddable":true,"href":"https:\/\/www.europesays.com\/se\/wp-json\/wp\/v2\/users\/2"}],"replies":[{"embeddable":true,"href":"https:\/\/www.europesays.com\/se\/wp-json\/wp\/v2\/comments?post=135634"}],"version-history":[{"count":0,"href":"https:\/\/www.europesays.com\/se\/wp-json\/wp\/v2\/posts\/135634\/revisions"}],"wp:featuredmedia":[{"embeddable":true,"href":"https:\/\/www.europesays.com\/se\/wp-json\/wp\/v2\/media\/64692"}],"wp:attachment":[{"href":"https:\/\/www.europesays.com\/se\/wp-json\/wp\/v2\/media?parent=135634"}],"wp:term":[{"taxonomy":"category","embeddable":true,"href":"https:\/\/www.europesays.com\/se\/wp-json\/wp\/v2\/categories?post=135634"},{"taxonomy":"post_tag","embeddable":true,"href":"https:\/\/www.europesays.com\/se\/wp-json\/wp\/v2\/tags?post=135634"}],"curies":[{"name":"wp","href":"https:\/\/api.w.org\/{rel}","templated":true}]}}