{"id":135635,"date":"2026-01-14T12:48:11","date_gmt":"2026-01-14T12:48:11","guid":{"rendered":"https:\/\/www.europesays.com\/se\/135635\/"},"modified":"2026-01-14T12:48:11","modified_gmt":"2026-01-14T12:48:11","slug":"nato-mer-effektivt-med-amerikanskt-gronland","status":"publish","type":"post","link":"https:\/\/www.europesays.com\/se\/135635\/","title":{"rendered":"Nato mer effektivt med amerikanskt Gr\u00f6nland"},"content":{"rendered":"<p>I g\u00e5r 14:57Uppdaterad I g\u00e5r 15:37<\/p>\n<p>Dela<img decoding=\"async\" class=\"picture__img\" src=\"https:\/\/www.europesays.com\/se\/wp-content\/uploads\/2026\/01\/1384f76e-371b-41ec-b138-6b508bdeb308.jpeg\" loading=\"lazy\"   alt=\"Gr\u00f6nlands regeringschef Jens-Frederik Nielsen och Statsminister Mette Fredriksen. Foto:Liselotte Sabroe\/TT\"\/>Gr\u00f6nlands regeringschef Jens-Frederik Nielsen och Statsminister Mette Fredriksen. Foto:Liselotte Sabroe\/TT <\/p>\n<p>Danmarks och Gr\u00f6nlands utrikesministrar Lars L\u00f8kke Rasmussen respektive Vivian Motzfeldt ska tr\u00e4ffa utrikesminister Marco Rubio och vicepresident JD Vance i Vita huset vars territoriella krav p\u00e5 Gr\u00f6nland sk\u00e4rps rej\u00e4lt. Inf\u00f6r det m\u00f6tet kallade statsminister Mette Frederiksen och den gr\u00f6nl\u00e4ndska regeringschefen Jens-Frederik Nielsen till presstr\u00e4ff f\u00f6r att insk\u00e4rpa sina orubbliga st\u00e5ndpunkter:<\/p>\n<p>\u2013 I \u00f6ver ett \u00e5r har vi tvingats hantera en helt ovan situation och det har vi gjort tillsammans s\u00e4ger Frederiksen i Spegelsalen p\u00e5 Christiansborgs slott d\u00e4r statsministerns kansli, men ocks\u00e5 folketinget, h\u00e5ller till.<\/p>\n<p>\u2013 Det h\u00e4r handlar om att gr\u00e4nser inte kan flyttas med v\u00e5ld och att sm\u00e5 l\u00e4nder inte ska beh\u00f6va vara r\u00e4dda f\u00f6r stora l\u00e4nder. Det \u00e4r d\u00e4rf\u00f6r vi s\u00e4ger ifr\u00e5n, s\u00e4ger Frederiksen och j\u00e4mf\u00f6r med bland annat de baltiska l\u00e4nderna gentemot Ryssland.<\/p>\n<p>Nielsen tar vid:<\/p>\n<p>\u2013 F\u00f6rst och fr\u00e4mst vill jag upprepa: Gr\u00f6nland \u00e4r inte till salu. Gr\u00f6nland \u00e4r en del av kungariket. Situationen \u00e4r mycket, mycket allvarlig, s\u00e4ger s\u00e4ger han och \u00e5beropar internationell r\u00e4tt och r\u00e4tten till gr\u00f6nl\u00e4nningarnas eget land.<\/p>\n<p>\u2013 En sak m\u00e5ste vara klar f\u00f6r alla: Gr\u00f6nland kommer inte att \u00e4gas av USA. Gr\u00f6nland kommer inte att styras av USA och vi kommer inte att vara en del av USA, forts\u00e4tter Nielsen som betonar att Gr\u00f6nland st\u00e5r helt bakom Danmark och f\u00f6rsvarsalliansen Nato.<\/p>\n","protected":false},"excerpt":{"rendered":"I g\u00e5r 14:57Uppdaterad I g\u00e5r 15:37 DelaGr\u00f6nlands regeringschef Jens-Frederik Nielsen och Statsminister Mette Fredriksen. Foto:Liselotte Sabroe\/TT Danmarks och&hellip;\n","protected":false},"author":2,"featured_media":14013,"comment_status":"","ping_status":"","sticky":false,"template":"","format":"standard","meta":{"footnotes":""},"categories":[5],"tags":[22,23,26,27,17,21,24,25,28,29,15,16,18,34,31,33,32,30,19,20],"class_list":{"0":"post-135635","1":"post","2":"type-post","3":"status-publish","4":"format-standard","5":"has-post-thumbnail","7":"category-rubriker","8":"tag-breaking-news","9":"tag-breakingnews","10":"tag-featured-news","11":"tag-featurednews","12":"tag-headlines","13":"tag-huvudnyheter","14":"tag-latest-news","15":"tag-latestnews","16":"tag-main-news","17":"tag-mainnews","18":"tag-news","19":"tag-nyheter","20":"tag-rubriker","21":"tag-se","22":"tag-svenska","23":"tag-sverige","24":"tag-sweden","25":"tag-swedish","26":"tag-top-stories","27":"tag-topstories"},"share_on_mastodon":{"url":"https:\/\/pubeurope.com\/@se\/115893534971592935","error":""},"_links":{"self":[{"href":"https:\/\/www.europesays.com\/se\/wp-json\/wp\/v2\/posts\/135635","targetHints":{"allow":["GET"]}}],"collection":[{"href":"https:\/\/www.europesays.com\/se\/wp-json\/wp\/v2\/posts"}],"about":[{"href":"https:\/\/www.europesays.com\/se\/wp-json\/wp\/v2\/types\/post"}],"author":[{"embeddable":true,"href":"https:\/\/www.europesays.com\/se\/wp-json\/wp\/v2\/users\/2"}],"replies":[{"embeddable":true,"href":"https:\/\/www.europesays.com\/se\/wp-json\/wp\/v2\/comments?post=135635"}],"version-history":[{"count":0,"href":"https:\/\/www.europesays.com\/se\/wp-json\/wp\/v2\/posts\/135635\/revisions"}],"wp:featuredmedia":[{"embeddable":true,"href":"https:\/\/www.europesays.com\/se\/wp-json\/wp\/v2\/media\/14013"}],"wp:attachment":[{"href":"https:\/\/www.europesays.com\/se\/wp-json\/wp\/v2\/media?parent=135635"}],"wp:term":[{"taxonomy":"category","embeddable":true,"href":"https:\/\/www.europesays.com\/se\/wp-json\/wp\/v2\/categories?post=135635"},{"taxonomy":"post_tag","embeddable":true,"href":"https:\/\/www.europesays.com\/se\/wp-json\/wp\/v2\/tags?post=135635"}],"curies":[{"name":"wp","href":"https:\/\/api.w.org\/{rel}","templated":true}]}}