{"id":135636,"date":"2026-01-14T12:49:11","date_gmt":"2026-01-14T12:49:11","guid":{"rendered":"https:\/\/www.europesays.com\/se\/135636\/"},"modified":"2026-01-14T12:49:11","modified_gmt":"2026-01-14T12:49:11","slug":"eva-jansson-tilldelas-pris-for-sin-ledande-idrottsforskning","status":"publish","type":"post","link":"https:\/\/www.europesays.com\/se\/135636\/","title":{"rendered":"Eva Jansson tilldelas pris f\u00f6r sin ledande idrottsforskning"},"content":{"rendered":"<p><a href=\"https:\/\/ki.se\/en\/people\/eva-jansson\" data-entity-type=\"external\" rel=\"nofollow noopener\" target=\"_blank\">Eva Jansson<\/a>, professor emerita vid <a href=\"https:\/\/ki.se\/labmed\" data-entity-type=\"external\" rel=\"nofollow noopener\" target=\"_blank\">institutionen f\u00f6r laboratoriemedicin<\/a>, KI, har sedan tidigt 1970-tal varit en banbrytande forskare inom idrottsfysiologi. Hennes arbete har haft djupg\u00e5ende och varaktig betydelse f\u00f6r b\u00e5de idrott och folkh\u00e4lsa.\u00a0<\/p>\n<p>Genom sin omfattande forskning om kroppens och speciellt skelettmuskulaturens metabolism och anpassning till fysisk tr\u00e4ning bland b\u00e5de kvinnor och m\u00e4n har hon skapat ny och f\u00f6rdjupad fundamental f\u00f6rst\u00e5else f\u00f6r hur tr\u00e4ning p\u00e5verkar m\u00e4nniskans h\u00e4lsa och prestationsf\u00f6rm\u00e5ga.<\/p>\n<p>\u2013 Jag k\u00e4nner mig djupt hedrad \u00f6ver att ha tilldelats SCIFs stora forskarpris. Priset \u00e4r ett viktigt erk\u00e4nnande av min forskning inom idrott och fysisk aktivitet under drygt 50 \u00e5r och av all de medarbetare och samarbeten som gjort denna sp\u00e4nnande resa m\u00f6jlig fr\u00e5n Gymnastik- och Idrottsh\u00f6gskolan till Karolinska Institutet, s\u00e4ger Eva Jansson.\u00a0<\/p>\n<p>Eva Jansson har publicerat ett mycket stort antal vetenskapliga artiklar och deltagit i flera nationella och internationella forskningsprojekt. Hennes arbete har f\u00f6rst\u00e4rkt Sveriges position som ett ledande land inom b\u00e5de idrottsvetenskap och fysisk aktivitet i v\u00e5rd och samh\u00e4lle.\u00a0<\/p>\n<p>Utm\u00e4rkelsen och prissumman 125 000 kronor motiveras med att Eva Jansson p\u00e5 ett unikt s\u00e4tt har f\u00f6renat medicinsk grundforskning med idrottsvetenskap och klinisk till\u00e4mpning och varit en drivande kraft i att \u00f6verbrygga klyftan mellan forskning och praktik. Hon har varit ledande genom sina avg\u00f6rande insatser i tillkomsten av sjukv\u00e5rdens evidensbaserade handbok om fysisk aktivitet i \u00a0prevention och behandling av sjukdom (FYSS) och utvecklingen av fysisk aktivitet p\u00e5 recept (FaR).<\/p>\n<p>Eva Jansson mottar sitt pris och h\u00e5ller en kort f\u00f6rel\u00e4sning om sin forskning under en konferens ordnad av Svensk F\u00f6rening f\u00f6r Fysisk aktivitet och Idrottsmedicin i april.<\/p>\n<p>Nyhetsartikeln bygger p\u00e5 en artikel p\u00e5 SCFI:s hemsida.<\/p>\n","protected":false},"excerpt":{"rendered":"Eva Jansson, professor emerita vid institutionen f\u00f6r laboratoriemedicin, KI, har sedan tidigt 1970-tal varit en banbrytande forskare inom&hellip;\n","protected":false},"author":2,"featured_media":135637,"comment_status":"","ping_status":"","sticky":false,"template":"","format":"standard","meta":{"footnotes":""},"categories":[69],"tags":[113,112,34,31,33,32,30],"class_list":{"0":"post-135636","1":"post","2":"type-post","3":"status-publish","4":"format-standard","5":"has-post-thumbnail","7":"category-halsa","8":"tag-halsa","9":"tag-health","10":"tag-se","11":"tag-svenska","12":"tag-sverige","13":"tag-sweden","14":"tag-swedish"},"share_on_mastodon":{"url":"https:\/\/pubeurope.com\/@se\/115893539040646607","error":""},"_links":{"self":[{"href":"https:\/\/www.europesays.com\/se\/wp-json\/wp\/v2\/posts\/135636","targetHints":{"allow":["GET"]}}],"collection":[{"href":"https:\/\/www.europesays.com\/se\/wp-json\/wp\/v2\/posts"}],"about":[{"href":"https:\/\/www.europesays.com\/se\/wp-json\/wp\/v2\/types\/post"}],"author":[{"embeddable":true,"href":"https:\/\/www.europesays.com\/se\/wp-json\/wp\/v2\/users\/2"}],"replies":[{"embeddable":true,"href":"https:\/\/www.europesays.com\/se\/wp-json\/wp\/v2\/comments?post=135636"}],"version-history":[{"count":0,"href":"https:\/\/www.europesays.com\/se\/wp-json\/wp\/v2\/posts\/135636\/revisions"}],"wp:featuredmedia":[{"embeddable":true,"href":"https:\/\/www.europesays.com\/se\/wp-json\/wp\/v2\/media\/135637"}],"wp:attachment":[{"href":"https:\/\/www.europesays.com\/se\/wp-json\/wp\/v2\/media?parent=135636"}],"wp:term":[{"taxonomy":"category","embeddable":true,"href":"https:\/\/www.europesays.com\/se\/wp-json\/wp\/v2\/categories?post=135636"},{"taxonomy":"post_tag","embeddable":true,"href":"https:\/\/www.europesays.com\/se\/wp-json\/wp\/v2\/tags?post=135636"}],"curies":[{"name":"wp","href":"https:\/\/api.w.org\/{rel}","templated":true}]}}