{"id":135640,"date":"2026-01-14T12:53:07","date_gmt":"2026-01-14T12:53:07","guid":{"rendered":"https:\/\/www.europesays.com\/se\/135640\/"},"modified":"2026-01-14T12:53:07","modified_gmt":"2026-01-14T12:53:07","slug":"apple-valjer-google-gemini-for-siri-partnerskapet-kritiseras","status":"publish","type":"post","link":"https:\/\/www.europesays.com\/se\/135640\/","title":{"rendered":"Apple v\u00e4ljer Google Gemini f\u00f6r Siri \u2013 partnerskapet kritiseras"},"content":{"rendered":"<p><img alt=\"Iphone 17 Och Google Kontor\" fetchpriority=\"high\" width=\"0\" height=\"0\" decoding=\"async\" data-nimg=\"1\" style=\"color:transparent;width:100%;height:auto\"   src=\"https:\/\/www.europesays.com\/se\/wp-content\/uploads\/2026\/01\/1768395187_40_.jpeg\"\/><\/p>\n<p>Nu st\u00e5r det klart att n\u00e4sta generation av Apples AI-assistent Siri kommer att drivas av Google Gemini. En nyhet som m\u00f6ts av viss kritik, bland annat fr\u00e5n Elon Musk som kallar det f\u00f6r en orimlig maktkoncentration f\u00f6r Google.\u00a0<\/p>\n<p class=\"articles_info__xg5_A\">14 januari 2026Uppdaterad 14 januari 2026Reporter Fredrik AdolfssonAIFoto Adobe stock<\/p>\n<p>Apple och Google har inlett ett partnerskap som placerar Googles AI-teknologi i centrum f\u00f6r Apples ekosystem. I ett gemensamt uttalande bekr\u00e4ftade bolagen att Google Gemini kommer att driva n\u00e4sta generation av Siri, som f\u00f6rv\u00e4ntas lanseras med IOS 26.4 \u00a0i mars eller april. D\u00e4rut\u00f6ver kommer Apples framtida \u201cApple Foundation Models\u201d att baseras p\u00e5 Googles Gemini-modeller och molnteknik.<\/p>\n<p>\u201dEfter noggrann utv\u00e4rdering har vi kommit fram till att Googles teknologi utg\u00f6r den mest kapabla grunden f\u00f6r Apple Foundation Models, och vi ser fram emot de innovativa nya upplevelser som detta kommer att \u00f6ppna upp f\u00f6r v\u00e5ra anv\u00e4ndare\u201d, s\u00e4ger Apple i ett uttalande.<\/p>\n<p>Partnerskapet mellan de tv\u00e5 techj\u00e4ttarna har redan kritiserats, bland annat av Teslas vd Elon Musk. Kritiken h\u00e4rstammar ur att Google redan dominerar marknaden f\u00f6r s\u00f6kmotorer och webbl\u00e4sare och st\u00e5r bakom operativsystemet f\u00f6r majoriteten av v\u00e4rldens smartphones.<\/p>\n<p>\u201dDetta verkar vara en orimlig maktkoncentration f\u00f6r Google, med tanke p\u00e5 att de ocks\u00e5 har Android och Chrome\u201d, skriver\u00a0<a rel=\"noopener nofollow\" href=\"https:\/\/x.com\/elonmusk\/status\/2010785742427979894\" target=\"_blank\">Elon Musk p\u00e5 X.<\/a><\/p>\n<p>AI-kapitulation fr\u00e5n Apple?<\/p>\n<p>Apple har tidigare f\u00e5tt kritik f\u00f6r att ligga l\u00e5ngt efter andra teknikbolag inom AI. Vissa experter ser nu faktumet att Apple valt att basera sin AI-strategi p\u00e5 en konkurrents teknologi som en kapitulation i kappl\u00f6pningen p\u00e5 omr\u00e5det. F\u00f6r Google st\u00e4rker avtalet bolagets position i konkurrensen med bland annat Open AI.<\/p>\n<p>Partnerskapet kan \u00e4ven inneb\u00e4ra en risk f\u00f6r viss homogenisering av smartphonemarknaden. Google Gemini \u00e4r redan k\u00e4rnan i AI-funktionerna p\u00e5 Android \u2013 n\u00e4r nu samma motor kommer anv\u00e4ndas i Siri och Apple Intelligence kan anv\u00e4ndarupplevelsen p\u00e5 Iphones allt mer b\u00f6rja p\u00e5minna om den hos alla andra smartphones p\u00e5 marknaden, skriver <a rel=\"noopener nofollow\" href=\"https:\/\/www.ljudochbild.se\/nyheter\/mobil\/apple-har-forlorat-ai-kampen\/\" target=\"_blank\">Ljud och Bild i en kommentar.<\/a>\u00a0<\/p>\n","protected":false},"excerpt":{"rendered":"Nu st\u00e5r det klart att n\u00e4sta generation av Apples AI-assistent Siri kommer att drivas av Google Gemini. En&hellip;\n","protected":false},"author":2,"featured_media":135641,"comment_status":"","ping_status":"","sticky":false,"template":"","format":"standard","meta":{"footnotes":""},"categories":[65],"tags":[72,70,71,34,31,33,32,30],"class_list":{"0":"post-135640","1":"post","2":"type-post","3":"status-publish","4":"format-standard","5":"has-post-thumbnail","7":"category-ekonomi","8":"tag-business","9":"tag-economy","10":"tag-ekonomi","11":"tag-se","12":"tag-svenska","13":"tag-sverige","14":"tag-sweden","15":"tag-swedish"},"share_on_mastodon":{"url":"https:\/\/pubeurope.com\/@se\/115893554560174897","error":""},"_links":{"self":[{"href":"https:\/\/www.europesays.com\/se\/wp-json\/wp\/v2\/posts\/135640","targetHints":{"allow":["GET"]}}],"collection":[{"href":"https:\/\/www.europesays.com\/se\/wp-json\/wp\/v2\/posts"}],"about":[{"href":"https:\/\/www.europesays.com\/se\/wp-json\/wp\/v2\/types\/post"}],"author":[{"embeddable":true,"href":"https:\/\/www.europesays.com\/se\/wp-json\/wp\/v2\/users\/2"}],"replies":[{"embeddable":true,"href":"https:\/\/www.europesays.com\/se\/wp-json\/wp\/v2\/comments?post=135640"}],"version-history":[{"count":0,"href":"https:\/\/www.europesays.com\/se\/wp-json\/wp\/v2\/posts\/135640\/revisions"}],"wp:featuredmedia":[{"embeddable":true,"href":"https:\/\/www.europesays.com\/se\/wp-json\/wp\/v2\/media\/135641"}],"wp:attachment":[{"href":"https:\/\/www.europesays.com\/se\/wp-json\/wp\/v2\/media?parent=135640"}],"wp:term":[{"taxonomy":"category","embeddable":true,"href":"https:\/\/www.europesays.com\/se\/wp-json\/wp\/v2\/categories?post=135640"},{"taxonomy":"post_tag","embeddable":true,"href":"https:\/\/www.europesays.com\/se\/wp-json\/wp\/v2\/tags?post=135640"}],"curies":[{"name":"wp","href":"https:\/\/api.w.org\/{rel}","templated":true}]}}