{"id":135642,"date":"2026-01-14T12:55:07","date_gmt":"2026-01-14T12:55:07","guid":{"rendered":"https:\/\/www.europesays.com\/se\/135642\/"},"modified":"2026-01-14T12:55:07","modified_gmt":"2026-01-14T12:55:07","slug":"nina-larsson-presenterar-nya-atgarder-for-att-motverka-osakliga-loneskillnader-mellan-kvinnor-och-man","status":"publish","type":"post","link":"https:\/\/www.europesays.com\/se\/135642\/","title":{"rendered":"Nina Larsson presenterar nya \u00e5tg\u00e4rder f\u00f6r att motverka osakliga l\u00f6neskillnader mellan kvinnor och m\u00e4n"},"content":{"rendered":"<p>&#13;<br \/>\nTorsdagen den 15 januari kl. 12.30, bjuder j\u00e4mst\u00e4lldhetsminister Nina Larsson in till en presstr\u00e4ff. Under presstr\u00e4ffen presenteras regeringens lagr\u00e5dsremiss om genomf\u00f6randet av EU:s l\u00f6netransparensdirektiv. <\/p>\n<p>            &#13;<br \/>\n                <strong>Tid:<\/strong>&#13;<br \/>\n&#13;<br \/>\n        15 januari 2026 kl. 12.30<br \/>&#13;<br \/>\n&#13;<br \/>\n                <strong>Plats:<\/strong>&#13;<br \/>\nPlats: F\u00f6ranm\u00e4lda journalister kan delta p\u00e5 plats i regeringens pressrum Rosenbad, ing\u00e5ng Drottninggatan 1.                <\/p>\n<p>&#13;<br \/>\n                    <strong>Praktisk information:<\/strong>&#13;<br \/>\n                    Obligatorisk f\u00f6ranm\u00e4lan senast onsdag den 15 januari kl. 11.30 via anm\u00e4lningsformul\u00e4ret nedan. I formul\u00e4ret anger du namn, redaktion och i vilken funktion du vill delta (reporter eller fotograf) samt bekr\u00e4ftar att du har giltig presslegitimation, och vilken organisation som utf\u00e4rdat den. Presslegitimationen ska du visa vid inpassering. Inpassering sker fr\u00e5n kl. 12.00. Deltagande sker i m\u00e5n av plats.&#13;\n                <\/p>\n","protected":false},"excerpt":{"rendered":"&#13; Torsdagen den 15 januari kl. 12.30, bjuder j\u00e4mst\u00e4lldhetsminister Nina Larsson in till en presstr\u00e4ff. Under presstr\u00e4ffen presenteras&hellip;\n","protected":false},"author":2,"featured_media":134209,"comment_status":"","ping_status":"","sticky":false,"template":"","format":"standard","meta":{"footnotes":""},"categories":[12],"tags":[22,23,26,27,17,21,24,25,28,29,15,16,18,34,31,33,32,30,19,20],"class_list":{"0":"post-135642","1":"post","2":"type-post","3":"status-publish","4":"format-standard","5":"has-post-thumbnail","7":"category-sverige","8":"tag-breaking-news","9":"tag-breakingnews","10":"tag-featured-news","11":"tag-featurednews","12":"tag-headlines","13":"tag-huvudnyheter","14":"tag-latest-news","15":"tag-latestnews","16":"tag-main-news","17":"tag-mainnews","18":"tag-news","19":"tag-nyheter","20":"tag-rubriker","21":"tag-se","22":"tag-svenska","23":"tag-sverige","24":"tag-sweden","25":"tag-swedish","26":"tag-top-stories","27":"tag-topstories"},"share_on_mastodon":{"url":"https:\/\/pubeurope.com\/@se\/115893562566518177","error":""},"_links":{"self":[{"href":"https:\/\/www.europesays.com\/se\/wp-json\/wp\/v2\/posts\/135642","targetHints":{"allow":["GET"]}}],"collection":[{"href":"https:\/\/www.europesays.com\/se\/wp-json\/wp\/v2\/posts"}],"about":[{"href":"https:\/\/www.europesays.com\/se\/wp-json\/wp\/v2\/types\/post"}],"author":[{"embeddable":true,"href":"https:\/\/www.europesays.com\/se\/wp-json\/wp\/v2\/users\/2"}],"replies":[{"embeddable":true,"href":"https:\/\/www.europesays.com\/se\/wp-json\/wp\/v2\/comments?post=135642"}],"version-history":[{"count":0,"href":"https:\/\/www.europesays.com\/se\/wp-json\/wp\/v2\/posts\/135642\/revisions"}],"wp:featuredmedia":[{"embeddable":true,"href":"https:\/\/www.europesays.com\/se\/wp-json\/wp\/v2\/media\/134209"}],"wp:attachment":[{"href":"https:\/\/www.europesays.com\/se\/wp-json\/wp\/v2\/media?parent=135642"}],"wp:term":[{"taxonomy":"category","embeddable":true,"href":"https:\/\/www.europesays.com\/se\/wp-json\/wp\/v2\/categories?post=135642"},{"taxonomy":"post_tag","embeddable":true,"href":"https:\/\/www.europesays.com\/se\/wp-json\/wp\/v2\/tags?post=135642"}],"curies":[{"name":"wp","href":"https:\/\/api.w.org\/{rel}","templated":true}]}}