{"id":135647,"date":"2026-01-14T13:01:07","date_gmt":"2026-01-14T13:01:07","guid":{"rendered":"https:\/\/www.europesays.com\/se\/135647\/"},"modified":"2026-01-14T13:01:07","modified_gmt":"2026-01-14T13:01:07","slug":"valaret-2026-det-har-star-pa-spel-for-foretagarna-i-mellansverige","status":"publish","type":"post","link":"https:\/\/www.europesays.com\/se\/135647\/","title":{"rendered":"Val\u00e5ret 2026: Det h\u00e4r st\u00e5r p\u00e5 spel f\u00f6r f\u00f6retagarna i Mellansverige"},"content":{"rendered":"<p class=\"article-publishedDate\">&#13;<br \/>\n                            Publicerad 14 jan. 2026&#13;\n                        <\/p>\n<p class=\"article-preamble\">&#13;<br \/>\n                            Efter flera \u00e5r av os\u00e4kerhet g\u00e5r f\u00f6retagarna i Mellansverige in i 2026 med b\u00e5de realism och framtidstro. Samtidigt n\u00e4rmar sig ett val\u00e5r d\u00e4r villkoren f\u00f6r att driva f\u00f6retag riskerar att hamna i skymundan. Enligt Johan S\u00f6dergren, regionchef f\u00f6r F\u00f6retagarna Mellansverige, \u00e4r det nu avg\u00f6rande att f\u00f6retagarfr\u00e5gorna f\u00e5r ta plats i debatten. &#13;\n                        <\/p>\n<p>Realism,\u00a0tr\u00f6tthet\u00a0\u2013 och\u00a0fortsatt\u00a0driv\u00a0<\/p>\n<p>St\u00e4mningen bland f\u00f6retagarna i Mellansverige \u00e4r enligt Johan S\u00f6dergren varken nattsvart eller naivt optimistisk. M\u00e5nga f\u00f6retagare \u00e4r tr\u00f6tta efter flera \u00e5r pr\u00e4glade av kostnads\u00f6kningar, h\u00f6ga r\u00e4ntor och \u00f6kat regelkr\u00e5ngel. Samtidigt finns det en tydlig vilja att forts\u00e4tta utveckla sina verksamheter. Erfarenheterna fr\u00e5n de senaste \u00e5ren har gjort f\u00f6retagarna mer vaksamma, mer noggranna och ofta b\u00e4ttre rustade f\u00f6r f\u00f6r\u00e4ndring.\u00a0<\/p>\n<blockquote>\n<p>Man har l\u00e4rt sig att navigera i motvind och \u00e4r ofta b\u00e4ttre rustad \u00e4n tidigare\u201d, s\u00e4ger Johan S\u00f6dergren.\u00a0<\/p>\n<\/blockquote>\n<p>Trots utmaningarna ser han en stark anpassningsf\u00f6rm\u00e5ga hos f\u00f6retagarna i regionen. M\u00e5nga \u00e4r snabba p\u00e5 att st\u00e4lla om, hitta nya aff\u00e4rsm\u00f6jligheter och bygga samarbeten. Det l\u00e5ngsiktiga arbetet med kostnadskontroll, kompetensutveckling och kundrelationer har blivit allt viktigare \u2013 och uth\u00e5lligheten \u00e4r p\u00e5taglig.\u00a0<\/p>\n<p><strong>Val\u00e5ret\u00a0d\u00e4r\u00a0f\u00f6retagarna\u00a0inte\u00a0f\u00e5r\u00a0gl\u00f6mmas\u00a0bort<\/strong>\u00a0<\/p>\n<p>N\u00e4r Sverige g\u00e5r in i val\u00e5ret 2026 menar Johan S\u00f6dergren att f\u00f6retagarfr\u00e5gorna riskerar att hamna i bakgrunden, trots att de \u00e4r helt avg\u00f6rande f\u00f6r samh\u00e4llets utveckling. F\u00f6retagen skapar jobb, skatteint\u00e4kter och lokal tillv\u00e4xt, s\u00e4rskilt i mindre kommuner och utanf\u00f6r storst\u00e4derna.\u00a0<\/p>\n<blockquote>\n<p>Om politiken missar f\u00f6retagarperspektivet riskerar vi s\u00e4mre tillv\u00e4xt, f\u00e4rre jobb och en svagare v\u00e4lf\u00e4rd, s\u00e4ger han.\u00a0<\/p>\n<\/blockquote>\n<p>I\u00a0valdebatten\u00a0\u00e4r\u00a0det\u00a0d\u00e4rf\u00f6r\u00a0viktigt\u00a0att\u00a0inte\u00a0tappa bort\u00a0f\u00f6retagens\u00a0vardag. Visioner och\u00a0ambitioner\u00a0beh\u00f6ver\u00a0kombineras\u00a0med\u00a0konkreta\u00a0f\u00f6rb\u00e4ttringar\u00a0som\u00a0m\u00e4rks\u00a0i\u00a0praktiken.\u00a0Enklare\u00a0regler,\u00a0snabbare\u00a0tillst\u00e5ndsprocesser,\u00a0b\u00e4ttre\u00a0kompetensf\u00f6rs\u00f6rjning\u00a0och\u00a0l\u00e5ngsiktiga\u00a0spelregler\u00a0\u00e4r\u00a0avg\u00f6rande\u00a0f\u00f6r\u00a0att\u00a0f\u00f6retag\u00a0ska\u00a0v\u00e5ga\u00a0investera\u00a0och\u00a0v\u00e4xa.\u00a0<\/p>\n<p>&#13;<br \/>\n    &#13;<br \/>\n    &#13;<br \/>\n&#13;<\/p>\n<p>&#13;<br \/>\n                25 f\u00f6rslag f\u00f6r ett b\u00e4ttre f\u00f6retagsklimat&#13;\n            <\/p>\n<p class=\"cta-preamble\">&#13;<br \/>\n                Vi m\u00e5 kallas sm\u00e5 \u2013 men v\u00e5rt bidrag \u00e4r stort. Sm\u00e5 f\u00f6retag st\u00e5r f\u00f6r vartannat nytt jobb, \u00e4r st\u00f6rsta skattebetalaren i nio av tio kommuner och bidrar med 150 miljarder till v\u00e4lf\u00e4rden varje \u00e5r. D\u00e4rf\u00f6r \u00e4r sm\u00e5 f\u00f6retag det st\u00f6rsta vi har. H\u00e4r \u00e4r v\u00e5ra 25 f\u00f6rslag inf\u00f6r valet 2026 \u2013 f\u00f6r att st\u00e4rka Sveriges f\u00f6retagare.&#13;\n            <\/p>\n<p>    &#13;<\/p>\n<p><strong>Ett brett och ansvarstagande n\u00e4ringsliv<\/strong>\u00a0<\/p>\n<p>Mellansverige k\u00e4nnetecknas av ett brett n\u00e4ringsliv d\u00e4r industri, tillverkning, bes\u00f6ksn\u00e4ring, tj\u00e4nster och gr\u00f6na n\u00e4ringar samexisterar. M\u00e5nga f\u00f6retag \u00e4r familje\u00e4gda och djupt rotade i sina lokalsamh\u00e4llen, med ett stort ansvarstagande f\u00f6r b\u00e5de medarbetare och omgivning.\u00a0<\/p>\n<p>Samtidigt finns det positiva exempel att bygga vidare p\u00e5. I m\u00e5nga delar av regionen fungerar samarbetet mellan f\u00f6retag, kommuner och utbildningsakt\u00f6rer bra. Lokala F\u00f6retagarna-f\u00f6reningar har \u00f6ver tid byggt upp goda relationer med kommunerna och bidragit till stegvisa f\u00f6rb\u00e4ttringar av f\u00f6retagsklimatet.\u00a0<\/p>\n<p><strong>F\u00f6retagarnas\u00a0r\u00f6st\u00a0inf\u00f6r\u00a0valet<\/strong>\u00a0<\/p>\n<p>Inf\u00f6r val\u00e5ret arbetar F\u00f6retagarna Mellansverige aktivt med att f\u00f6ra fram f\u00f6retagares erfarenheter till politiker p\u00e5 lokal och regional niv\u00e5. Genom dialog, m\u00f6ten, rapporter och opinionsbildning samlas m\u00e5nga enskilda r\u00f6ster till ett tydligt gemensamt budskap.<\/p>\n<p>\u00c4ven\u00a0f\u00f6retagare\u00a0som\u00a0inte\u00a0vill\u00a0engagera\u00a0sig\u00a0politiskt\u00a0kan\u00a0p\u00e5verka\u00a0genom\u00a0att\u00a0dela\u00a0sina\u00a0erfarenheter\u00a0och\u00a0vardagsexempel.\u00a0<\/p>\n<blockquote>\n<p>F\u00f6retagarna \u00e4r en kanal d\u00e4r man kan p\u00e5verka utan att beh\u00f6va l\u00e4gga massor av tid, s\u00e4ger Johan S\u00f6dergren.\u00a0<\/p>\n<\/blockquote>\n<p><strong><img loading=\"lazy\" decoding=\"async\" src=\"https:\/\/www.europesays.com\/se\/wp-content\/uploads\/2026\/01\/gettyimages-1346490097.jpg\" alt=\"\" width=\"737\" height=\"480\"\/>Framtidstro\u00a0trots\u00a0os\u00e4kerhet<\/strong>\u00a0<\/p>\n<p>Trots ett fortsatt os\u00e4kert omv\u00e4rldsl\u00e4ge ser Johan S\u00f6dergren flera tecken p\u00e5 framtidstro inf\u00f6r 2026. Allt fler f\u00f6retag v\u00e5gar t\u00e4nka nytt, utveckla digitala l\u00f6sningar, satsa p\u00e5 h\u00e5llbarhet och pr\u00f6va nya aff\u00e4rsmodeller \u2013 \u00e4ven bland mindre f\u00f6retag.\u00a0<\/p>\n<p>Det\u00a0som\u00a0ger\u00a0honom\u00a0mest\u00a0energi\u00a0\u00e4r\u00a0m\u00f6tet\u00a0med\u00a0f\u00f6retagarnas\u00a0driv\u00a0och\u00a0ansvarstagande.\u00a0<\/p>\n<blockquote>\n<p>Det finns en envis framtidstro hos f\u00f6retagarna som smittar, s\u00e4ger han.\u00a0<\/p>\n<\/blockquote>\n<p>Med\u00a0tre\u00a0ord\u00a0sammanfattar\u00a0han\u00a0f\u00f6retagarna\u00a0inf\u00f6r\u00a0val\u00e5ret\u00a02026:\u00a0<strong>uth\u00e5lliga,\u00a0l\u00f6sningsorienterade\u00a0och\u00a0ansvarstagande.<\/strong><strong> <\/strong>Avslutningsvis betonar Johan S\u00f6dergren vikten av dialog inf\u00f6r valet. F\u00f6retagande handlar inte om teori, utan om vardag. Ju b\u00e4ttre politiken f\u00f6rst\u00e5r den verkligheten, desto b\u00e4ttre f\u00f6ruts\u00e4ttningar f\u00e5r f\u00f6retagen och hela samh\u00e4llet, s\u00e4ger han.\u00a0<\/p>\n<p>\u00a0<\/p>\n","protected":false},"excerpt":{"rendered":"&#13; Publicerad 14 jan. 2026&#13; &#13; Efter flera \u00e5r av os\u00e4kerhet g\u00e5r f\u00f6retagarna i Mellansverige in i 2026&hellip;\n","protected":false},"author":2,"featured_media":135648,"comment_status":"","ping_status":"","sticky":false,"template":"","format":"standard","meta":{"footnotes":""},"categories":[65],"tags":[72,70,71,34,31,33,32,30],"class_list":{"0":"post-135647","1":"post","2":"type-post","3":"status-publish","4":"format-standard","5":"has-post-thumbnail","7":"category-ekonomi","8":"tag-business","9":"tag-economy","10":"tag-ekonomi","11":"tag-se","12":"tag-svenska","13":"tag-sverige","14":"tag-sweden","15":"tag-swedish"},"share_on_mastodon":{"url":"https:\/\/pubeurope.com\/@se\/115893586003904330","error":""},"_links":{"self":[{"href":"https:\/\/www.europesays.com\/se\/wp-json\/wp\/v2\/posts\/135647","targetHints":{"allow":["GET"]}}],"collection":[{"href":"https:\/\/www.europesays.com\/se\/wp-json\/wp\/v2\/posts"}],"about":[{"href":"https:\/\/www.europesays.com\/se\/wp-json\/wp\/v2\/types\/post"}],"author":[{"embeddable":true,"href":"https:\/\/www.europesays.com\/se\/wp-json\/wp\/v2\/users\/2"}],"replies":[{"embeddable":true,"href":"https:\/\/www.europesays.com\/se\/wp-json\/wp\/v2\/comments?post=135647"}],"version-history":[{"count":0,"href":"https:\/\/www.europesays.com\/se\/wp-json\/wp\/v2\/posts\/135647\/revisions"}],"wp:featuredmedia":[{"embeddable":true,"href":"https:\/\/www.europesays.com\/se\/wp-json\/wp\/v2\/media\/135648"}],"wp:attachment":[{"href":"https:\/\/www.europesays.com\/se\/wp-json\/wp\/v2\/media?parent=135647"}],"wp:term":[{"taxonomy":"category","embeddable":true,"href":"https:\/\/www.europesays.com\/se\/wp-json\/wp\/v2\/categories?post=135647"},{"taxonomy":"post_tag","embeddable":true,"href":"https:\/\/www.europesays.com\/se\/wp-json\/wp\/v2\/tags?post=135647"}],"curies":[{"name":"wp","href":"https:\/\/api.w.org\/{rel}","templated":true}]}}