{"id":135655,"date":"2026-01-14T13:09:10","date_gmt":"2026-01-14T13:09:10","guid":{"rendered":"https:\/\/www.europesays.com\/se\/135655\/"},"modified":"2026-01-14T13:09:10","modified_gmt":"2026-01-14T13:09:10","slug":"underskoterska-bemanningsenhet-region-kalmar-lan","status":"publish","type":"post","link":"https:\/\/www.europesays.com\/se\/135655\/","title":{"rendered":"Undersk\u00f6terska bemanningsenhet | Region Kalmar L\u00e4n"},"content":{"rendered":"<p>                <img decoding=\"async\" alt=\"bild f\u00f6r annons Undersk\u00f6terska bemanningsenhet\" src=\"https:\/\/www.europesays.com\/se\/wp-content\/uploads\/2026\/01\/4ac0989fbdafcd6502ddc25cf71ddc24.png\" class=\"mainimage\"\/><\/p>\n<p class=\"introduction\">\n            V\u00e4sterviks sjukhus\n        <\/p>\n<p>Vill du utvecklas i din roll och ha ett varierande arbete d\u00e4r ingen dag \u00e4r den andra lik?<\/p>\n<p>Hos oss f\u00e5r du chansen att arbeta inom m\u00e5nga olika verksamheter p\u00e5 sjukhuset och utvecklas varje dag. I denna roll roterar du fr\u00e4mst p\u00e5 sjukhusets v\u00e5rdavdelningar men m\u00f6jlighet finns \u00e4ven att l\u00e4ras upp p\u00e5 specialistavdelningar och prim\u00e4rv\u00e5rd efter behov. Bemanningsenheten jobbar efter ett lokalt kollektivavtal som kan inneb\u00e4ra snabba justeringar i ditt schema utifr\u00e5n verksamhetens behov. Detta arbetss\u00e4tt ger dig en stor frihet i schemat samtidigt som du f\u00f6rst\u00e5r vikten av att arbeta n\u00e4r och var det beh\u00f6vs f\u00f6r att ge patienterna den b\u00e4sta v\u00e5rden.<\/p>\n<p>Tj\u00e4nsten \u00e4r ett vikariat till och med augusti 2026.<\/p>\n<p><strong>Om dig<\/strong><\/p>\n<p>Du som s\u00f6ker tycker att det \u00e4r roligt och stimulerande att m\u00f6ta olika m\u00e4nniskor och att vara i olika milj\u00f6er i din vardag. F\u00f6r att jobba hos oss beh\u00f6ver du v\u00e4rdes\u00e4tta ett arbetss\u00e4tt som k\u00e4nnetecknas av flexibilitet. Eftersom bemanningsenhetens uppdrag \u00e4r att vara tillg\u00e4ngliga n\u00e4r och var det beh\u00f6vs, kr\u00e4vs det att du \u00e4r flexibel och har m\u00f6jlighet att \u00e4ndra vilka pass och vilken arbetsplats du kan arbeta p\u00e5. Du beh\u00f6ver ocks\u00e5 vara serviceinriktad och ha l\u00e4tt f\u00f6r att skapa relationer och trivas i nya sammanhang och f\u00f6ruts\u00e4ttningar. Du som s\u00f6ker \u00e4r utbildad undersk\u00f6terska och har goda kunskaper i det svenska spr\u00e5ket. Vi ser g\u00e4rna att du har n\u00e5gra \u00e5rs erfarenhet av att jobba som undersk\u00f6terska, allra helst p\u00e5 ett sjukhus. Vi kommer att l\u00e4gga stor vikt vid personlig l\u00e4mplighet. Tycker du om att jobba mot tydliga m\u00e5l och gillar en varierande vardag kommer vi att trivas ihop!<\/p>\n<p>Urval och intervjuer sker fortl\u00f6pande och tj\u00e4nsten kan komma att tills\u00e4ttas innan sista ans\u00f6kningsdatum. S\u00e5 tveka inte och skicka in din ans\u00f6kan idag!<\/p>\n<p><strong>Din framtida arbetsplats<\/strong><\/p>\n<p>Bemanningsenheten \u00e4r Region Kalmar l\u00e4ns interna bemanningsenhet som t\u00e4cker upp med kvalificerad och flexibel personal vid arbetstoppar och korttidsfr\u00e5nvaro p\u00e5 avdelningar, mottagningar och h\u00e4lsocentraler. I v\u00e5rt g\u00e4ng ing\u00e5r b\u00e5de undersk\u00f6terskor och medicinska sekreterare. N\u00e4r du jobbar hos oss f\u00e5r du det b\u00e4sta av tv\u00e5 v\u00e4rldar, en egen arbetsplats i form av bemanningsenheten men samtidigt har du ocks\u00e5 hela sjukhuset som din arbetsplats. Det ger dig m\u00e5nga fina kollegor, m\u00f6jlighet att utvecklas och ett brett kontaktn\u00e4t.<\/p>\n<p>V\u00e4sterviks sjukhus \u00e4r ett av tre sjukhus i Kalmar l\u00e4n. Sjukhuset \u00e4r ett akutsjukhus med f\u00f6rlossningsv\u00e5rd och BB. P\u00e5 V\u00e4sterviks sjukhus finns jobb f\u00f6r dig som vill utvecklas i din roll tillsammans med trevliga kollegor. H\u00e4r arbetar drygt 1200 medarbetare och vi har en fin sammanh\u00e5llning och en bred kompetens. Sjukhuset \u00e4r lagom stort och du f\u00e5r en trygg, och trivsam anst\u00e4llning med m\u00f6jlighet till att l\u00e4ra nytt. Det ligger i anslutning till V\u00e4sterviks centrum och \u00e4r n\u00e4ra sk\u00e4rg\u00e5rden. <\/p>\n<p>Region Kalmar l\u00e4n ansvarar f\u00f6r h\u00e4lso- och sjukv\u00e5rd, tandv\u00e5rd, folkh\u00f6gskolor, kultur, kollektivtrafik och regional utveckling. Vi \u00e4r \u00f6ver 7 000 medarbetare som alla jobbar tillsammans f\u00f6r ett friskare, tryggare och rikare liv f\u00f6r l\u00e4nets inv\u00e5nare. Hos oss f\u00e5r du m\u00e5nga f\u00f6rm\u00e5ner och ett av Sveriges b\u00e4sta kollektivavtal. Vi m\u00f6ter m\u00e4nniskor i livets alla skeden och har ett meningsfullt och utvecklande arbete \u2013 varje dag.<\/p>\n<p><a href=\"https:\/\/regionkalmar.se\/jobb-och-karriar\/att-jobba-hos-oss\/\" rel=\"nofollow noopener\" target=\"_blank\">L\u00e4s mer om att arbeta i Region Kalmar l\u00e4n<\/a><\/p>\n<p>Region Kalmar l\u00e4n erbjuder alla medarbetare en anst\u00e4llning p\u00e5 100%. Om du arbetar deltid men \u00f6nskar arbeta heltid kan ut\u00f6kning av tj\u00e4nst erbjudas vid annan arbetsplats.<\/p>\n<p>Vi vill att du bifogar CV, personligt brev och f\u00f6r tj\u00e4nsten relevanta utbildningsbevis till din ans\u00f6kan. F\u00f6r att kvalitetss\u00e4kra rekryteringsprocessen i Region Kalmar l\u00e4n vill vi att du s\u00f6ker tj\u00e4nsten i v\u00e5rt rekryteringssystem och inte via e-post eller i pappersformat.<\/p>\n<p>Vi tar g\u00e4rna emot samtal fr\u00e5n dig som \u00e4r intresserad av jobbet men tackar nej till dig som s\u00e4ljer annonser och rekryteringstj\u00e4nster.<\/p>\n<p>            Om tj\u00e4nsten<\/p>\n<p>Referensnummer:2026\/28<\/p>\n<p>Placering\/enhet:V\u00e4sterviks sjukhus<\/p>\n<p>Anst\u00e4llningsform:Tidsbegr\u00e4nsad anst\u00e4llning<\/p>\n<p>Anst\u00e4llningstid:Tidsbegr\u00e4nsad<\/p>\n<p>Syssels\u00e4ttningsgrad:Heltid  100 %<\/p>\n<p>\n                Tilltr\u00e4de:Efter \u00f6verenskommelse<\/p>\n<p>L\u00f6n:Vi till\u00e4mpar individuell l\u00f6nes\u00e4ttning  <\/p>\n<p>Ans\u00f6k senast:2026-01-28<\/p>\n<p>Om du beh\u00f6ver hj\u00e4lp kan du kontakta v\u00e5r <a href=\"https:\/\/regionkalmar.se\/jobb-och-karriar\/sok-lediga-jobb\/underskoterska-bemanningsenhet4\/mailto:support@varbi.com\" rel=\"nofollow noopener\" target=\"_blank\">support.<\/a><\/p>\n<p>Telefon: 0520-58 00 50<\/p>\n<p>Telefontid vardagar 08:30-12:00 och 13:00-16:30<\/p>\n","protected":false},"excerpt":{"rendered":"V\u00e4sterviks sjukhus Vill du utvecklas i din roll och ha ett varierande arbete d\u00e4r ingen dag \u00e4r den&hellip;\n","protected":false},"author":2,"featured_media":126591,"comment_status":"","ping_status":"","sticky":false,"template":"","format":"standard","meta":{"footnotes":""},"categories":[65],"tags":[72,70,71,34,31,33,32,30],"class_list":{"0":"post-135655","1":"post","2":"type-post","3":"status-publish","4":"format-standard","5":"has-post-thumbnail","7":"category-ekonomi","8":"tag-business","9":"tag-economy","10":"tag-ekonomi","11":"tag-se","12":"tag-svenska","13":"tag-sverige","14":"tag-sweden","15":"tag-swedish"},"share_on_mastodon":{"url":"https:\/\/pubeurope.com\/@se\/115893617576604666","error":""},"_links":{"self":[{"href":"https:\/\/www.europesays.com\/se\/wp-json\/wp\/v2\/posts\/135655","targetHints":{"allow":["GET"]}}],"collection":[{"href":"https:\/\/www.europesays.com\/se\/wp-json\/wp\/v2\/posts"}],"about":[{"href":"https:\/\/www.europesays.com\/se\/wp-json\/wp\/v2\/types\/post"}],"author":[{"embeddable":true,"href":"https:\/\/www.europesays.com\/se\/wp-json\/wp\/v2\/users\/2"}],"replies":[{"embeddable":true,"href":"https:\/\/www.europesays.com\/se\/wp-json\/wp\/v2\/comments?post=135655"}],"version-history":[{"count":0,"href":"https:\/\/www.europesays.com\/se\/wp-json\/wp\/v2\/posts\/135655\/revisions"}],"wp:featuredmedia":[{"embeddable":true,"href":"https:\/\/www.europesays.com\/se\/wp-json\/wp\/v2\/media\/126591"}],"wp:attachment":[{"href":"https:\/\/www.europesays.com\/se\/wp-json\/wp\/v2\/media?parent=135655"}],"wp:term":[{"taxonomy":"category","embeddable":true,"href":"https:\/\/www.europesays.com\/se\/wp-json\/wp\/v2\/categories?post=135655"},{"taxonomy":"post_tag","embeddable":true,"href":"https:\/\/www.europesays.com\/se\/wp-json\/wp\/v2\/tags?post=135655"}],"curies":[{"name":"wp","href":"https:\/\/api.w.org\/{rel}","templated":true}]}}