{"id":135659,"date":"2026-01-14T13:12:26","date_gmt":"2026-01-14T13:12:26","guid":{"rendered":"https:\/\/www.europesays.com\/se\/135659\/"},"modified":"2026-01-14T13:12:26","modified_gmt":"2026-01-14T13:12:26","slug":"utvarderingen-av-polisarbetet-vid-campus-risbergska-ar-klar","status":"publish","type":"post","link":"https:\/\/www.europesays.com\/se\/135659\/","title":{"rendered":"Utv\u00e4rderingen av polisarbetet vid Campus Risbergska \u00e4r klar"},"content":{"rendered":"<p>&#13;<br \/>\n            Totalt har 225 personer ber\u00e4ttat om sina upplevelser av polisarbetet i samband med skjutningen vid Campus Risbergska. Utv\u00e4rderingen visar att mycket fungerade bra men ocks\u00e5 att det finns utvecklingsomr\u00e5den.&#13;\n        <\/p>\n<p>Det \u00e4r polism\u00e4staren Erik Nord, chef f\u00f6r utredningsenheten i polisregion V\u00e4st, som har genomf\u00f6rt utv\u00e4rderingen p\u00e5 uppdrag av polisens nationella operativa avdelning, Noa. Syftet med rapporten \u00e4r framf\u00f6r allt att l\u00e4ra f\u00f6r framtida utveckling av metoder, koncept och hur polisen kan samverkan med \u00f6vriga inblandade akt\u00f6rer.<\/p>\n<p>Har intervjuat 225 personer<\/p>\n<p>Bland de 225 personer som Erik Nord har intervjuat finns polisanst\u00e4llda, skolpersonal, elever, r\u00e4ddningstj\u00e4nst och sjukv\u00e5rdare men ocks\u00e5 skadade och anh\u00f6riga till de personer som d\u00f6dades under attacken. De skadade och de anh\u00f6riga har ocks\u00e5 getts m\u00f6jlighet att ta del av resultatet av utv\u00e4rderingen innan den nu blir offentlig.<\/p>\n<p>Skolattacken p\u00e5 Campus Risbergska inleddes den 4 februari 2025 klockan 12.31. Den misst\u00e4nkte g\u00e4rningspersonen sk\u00f6t d\u00e5 ihj\u00e4l tio personer, skottskadade fem och ytterligare en person fick skador. Fler personer, bland andra ingripandepoliser, utsattes f\u00f6r beskjutning innan g\u00e4rningspersonen tog sitt eget liv. Insatsen p\u00e5gick ytterligare en tid d\u00e5 det fanns uppgifter om fler g\u00e4rningspersoner.<\/p>\n<p>Lokalisera g\u00e4rningspersonen f\u00f6rst<\/p>\n<p>Polisen \u00e4r tr\u00e4nad enligt metodiken P\u00e5g\u00e5ende d\u00f6dligt v\u00e5ld, PDV. Det inneb\u00e4r att polisens fr\u00e4msta uppgift \u00e4r att s\u00e5 snabbt som m\u00f6jligt stoppa det p\u00e5g\u00e5ende d\u00f6dliga v\u00e5ldet samt att g\u00f6ra platsen tillr\u00e4ckligt s\u00e4ker f\u00f6r ambulans och r\u00e4ddningstj\u00e4nst att vidta livr\u00e4ddande och skadebegr\u00e4nsande \u00e5tg\u00e4rder.<\/p>\n<p>Erik Nord pekar i sin utv\u00e4rdering p\u00e5 m\u00e5nga delar som fungerade bra. Poliserna p\u00e5 plats handlade enligt tr\u00e4ning och koncept, de var modiga och v\u00e5gade fatta egna beslut p\u00e5 plats.\u00a0<\/p>\n<p>En del som han tar upp som en svaghet \u00e4r att det tog l\u00e5ng tid innan livr\u00e4ddande insatser kunde p\u00e5b\u00f6rjas. Uppgifterna om att det skulle ha funnits fler g\u00e4rningspersoner p\u00e5 skolan bidrog till att det dr\u00f6jde innan r\u00e4ddningstj\u00e4nst och ambulanspersonal kunde inleda r\u00e4ddningsarbetet.<\/p>\n<p>\u2013 Det m\u00e5ste g\u00e5 snabbare f\u00f6r dem att kunna komma in och b\u00f6rja arbeta. Det \u00e4r ocks\u00e5 det de flesta skadade och anh\u00f6riga har ifr\u00e5gasatt \u2013 \u201dvarf\u00f6r tog r\u00e4ddningsarbetet s\u00e5 l\u00e5ng tid?\u201d, s\u00e4ger Erik Nord.<\/p>\n<p>Beslut om \u00e5tg\u00e4rder<\/p>\n<p>Niclas Hallgren \u00e4r bitr\u00e4dande regionpolischef i Bergslagen och s\u00e4ger om rapporten:<\/p>\n<p>\u2013 Vi v\u00e4lkomnar genomlysningen av v\u00e5rt arbete i samband med insatsen. Svensk polis str\u00e4var efter att ta tillvara erfarenheter, l\u00e4ra och utveckla b\u00e5de i vardagen och som nu efter en mycket komplex insats. Det g\u00e4ller s\u00e5v\u00e4l metodik som genomf\u00f6rande. Jag vill samtidigt ber\u00f6mma skolan, som genom sitt f\u00f6rberedande arbete kring kriser sannolikt p\u00e5verkade skeendet, s\u00e4ger han.<\/p>\n<p>Johan Olsson, chef p\u00e5 den nationella operativa avdelningen, har tagit del av Erik Nords utv\u00e4rdering. Han ska tillsammans med den nationella operativa ledningsgruppen i n\u00e4sta vecka diskutera och besluta om vilka \u00e5tg\u00e4rder som ska vidtas utifr\u00e5n rapporten.<\/p>\n<p>\u2013 Det \u00e4r en gedigen rapport som pekar p\u00e5 framf\u00f6r allt tempot i r\u00e4ddningsarbetet. Det \u00e4r en avv\u00e4gning mellan risk f\u00f6r framf\u00f6r allt r\u00e4ddningstj\u00e4nstens personal och efterfr\u00e5gad snabbhet, och det \u00e4r n\u00e5got vi beh\u00f6ver ta med oss i v\u00e5r samverkan med r\u00e4ddningstj\u00e4nst och sjukv\u00e5rd fram\u00f6ver, s\u00e4ger Johan Olsson.<\/p>\n<p><a href=\"https:\/\/polisen.se\/siteassets\/dokument\/ovriga_rapporter\/utvardering-av-polisarbetet-i-samband-med-skjutningen-vid-campus-risbergska.pdf\" class=\"icon-document\" rel=\"nofollow noopener\" target=\"_blank\">Utv\u00e4rdering av polisarbetet i samband med skjutningen vid Campus Risbergska (pdf, 423 kB)<\/a><\/p>\n","protected":false},"excerpt":{"rendered":"&#13; Totalt har 225 personer ber\u00e4ttat om sina upplevelser av polisarbetet i samband med skjutningen vid Campus Risbergska.&hellip;\n","protected":false},"author":2,"featured_media":54,"comment_status":"","ping_status":"","sticky":false,"template":"","format":"standard","meta":{"footnotes":""},"categories":[5],"tags":[22,23,26,27,17,21,24,25,28,29,15,16,18,34,31,33,32,30,19,20],"class_list":{"0":"post-135659","1":"post","2":"type-post","3":"status-publish","4":"format-standard","5":"has-post-thumbnail","7":"category-rubriker","8":"tag-breaking-news","9":"tag-breakingnews","10":"tag-featured-news","11":"tag-featurednews","12":"tag-headlines","13":"tag-huvudnyheter","14":"tag-latest-news","15":"tag-latestnews","16":"tag-main-news","17":"tag-mainnews","18":"tag-news","19":"tag-nyheter","20":"tag-rubriker","21":"tag-se","22":"tag-svenska","23":"tag-sverige","24":"tag-sweden","25":"tag-swedish","26":"tag-top-stories","27":"tag-topstories"},"share_on_mastodon":{"url":"https:\/\/pubeurope.com\/@se\/115893629278856134","error":""},"_links":{"self":[{"href":"https:\/\/www.europesays.com\/se\/wp-json\/wp\/v2\/posts\/135659","targetHints":{"allow":["GET"]}}],"collection":[{"href":"https:\/\/www.europesays.com\/se\/wp-json\/wp\/v2\/posts"}],"about":[{"href":"https:\/\/www.europesays.com\/se\/wp-json\/wp\/v2\/types\/post"}],"author":[{"embeddable":true,"href":"https:\/\/www.europesays.com\/se\/wp-json\/wp\/v2\/users\/2"}],"replies":[{"embeddable":true,"href":"https:\/\/www.europesays.com\/se\/wp-json\/wp\/v2\/comments?post=135659"}],"version-history":[{"count":0,"href":"https:\/\/www.europesays.com\/se\/wp-json\/wp\/v2\/posts\/135659\/revisions"}],"wp:featuredmedia":[{"embeddable":true,"href":"https:\/\/www.europesays.com\/se\/wp-json\/wp\/v2\/media\/54"}],"wp:attachment":[{"href":"https:\/\/www.europesays.com\/se\/wp-json\/wp\/v2\/media?parent=135659"}],"wp:term":[{"taxonomy":"category","embeddable":true,"href":"https:\/\/www.europesays.com\/se\/wp-json\/wp\/v2\/categories?post=135659"},{"taxonomy":"post_tag","embeddable":true,"href":"https:\/\/www.europesays.com\/se\/wp-json\/wp\/v2\/tags?post=135659"}],"curies":[{"name":"wp","href":"https:\/\/api.w.org\/{rel}","templated":true}]}}