{"id":135668,"date":"2026-01-14T13:19:07","date_gmt":"2026-01-14T13:19:07","guid":{"rendered":"https:\/\/www.europesays.com\/se\/135668\/"},"modified":"2026-01-14T13:19:07","modified_gmt":"2026-01-14T13:19:07","slug":"underskoterska-kirurgi-region-kalmar-lan-2","status":"publish","type":"post","link":"https:\/\/www.europesays.com\/se\/135668\/","title":{"rendered":"Undersk\u00f6terska kirurgi | Region Kalmar L\u00e4n"},"content":{"rendered":"<p>Om du \u00e4r intresserad av m\u00e4nniskor och omv\u00e5rdnad och samtidigt gillar att arbeta brett kommer du att trivas hos oss!<\/p>\n<p>P\u00e5 kirurgkliniken f\u00e5r du n\u00e4mligen bredden inom kirurgin som innefattar allt fr\u00e5n akut omh\u00e4ndertagande till v\u00e5rd i livets slutskede. Som undersk\u00f6terska hos oss kommer du att arbeta med att ge personlig omv\u00e5rdnad till patienten, dokumentera vitalparametrar och bland annat utf\u00f6ra venprovtagning, KAD-s\u00e4ttning och sk\u00f6ta s\u00e5roml\u00e4ggningar. Du samarbetar kring patienten tillsammans med olika yrkeskategorier med m\u00e5ls\u00e4ttning att gemensamt leverera en god och s\u00e4ker v\u00e5rd. Vi arbetar utifr\u00e5n omv\u00e5rdnadskonceptet patientn\u00e4ra v\u00e5rd. P\u00e5 kirurgkliniken f\u00e5r du ett varierande arbete d\u00e4r du ges m\u00f6jlighet att utvecklas i din takt med hj\u00e4lp av b\u00e5de sjuksk\u00f6terskor och l\u00e4kare. Det finns ocks\u00e5 goda m\u00f6jligheter f\u00f6r vidareutbildning inom kirurgi.<\/p>\n<p>Om dig<\/p>\n<p>Vi s\u00f6ker dig som \u00e4r utbildad undersk\u00f6terska och har ett stort intresse f\u00f6r m\u00e4nniskor. Erfarenhet inom yrket \u00e4r meriterande. Som person vill vi att du \u00e4r positiv, engagerad och ansvarstagande. Du har dessutom en stark vilja att vara delaktig i utvecklingen av avdelningen. Det \u00e4r naturligt f\u00f6r dig att samverka och arbeta patientcentrerat b\u00e5de individuellt och i teamet. Vidare ser vi att du \u00e4r en lugn person som har en god f\u00f6rm\u00e5ga att prioritera och fatta beslut. Du beh\u00f6ver \u00e4ven ha goda kunskaper i det svenska spr\u00e5ket i tal och skrift. Stor vikt kommer att l\u00e4ggas vid personlig l\u00e4mplighet. Till denna tj\u00e4nst till\u00e4mpas l\u00f6pande urval och tj\u00e4nsten kan komma att tills\u00e4ttas f\u00f6re sista ans\u00f6kningsdag.<\/p>\n<p>Din framtida arbetsplats<\/p>\n<p>Kirurgkliniken bedriver en bred verksamhet inom allm\u00e4n kirurgi med fullt akutkirurgiskt uppdrag.\u00a0Arbetet p\u00e5 avdelningarna sker i tre v\u00e5rdlag best\u00e5ende av sjuksk\u00f6terskor och undersk\u00f6terskor som tillsammans ansvarar f\u00f6r en mindre grupp patienter. Kliniken jobbar st\u00e4ndigt med olika f\u00f6rb\u00e4ttringsprogram f\u00f6r att utveckla v\u00e5rden att bli s\u00e5 bra som m\u00f6jligt. V\u00e5r klinik pr\u00e4glas av en v\u00e4lkomnande kultur d\u00e4r vi v\u00e4rnar om varandra, hj\u00e4lps \u00e5r och st\u00f6ttar varandra f\u00f6r att bevara den goda st\u00e4mning vi har p\u00e5 arbetet.<\/p>\n<p>V\u00e4sterviks sjukhus \u00e4r ett av tre sjukhus i Kalmar l\u00e4n. Sjukhuset \u00e4r ett akutsjukhus med f\u00f6rlossningsv\u00e5rd och BB. P\u00e5 V\u00e4sterviks sjukhus finns jobb f\u00f6r dig som vill utvecklas i din roll tillsammans med trevliga kollegor. H\u00e4r arbetar drygt 1200 medarbetare och vi har en fin sammanh\u00e5llning och en bred kompetens. Sjukhuset \u00e4r lagom stort och du f\u00e5r en trygg, och trivsam anst\u00e4llning med m\u00f6jlighet till att l\u00e4ra nytt. Det ligger i anslutning till V\u00e4sterviks centrum och \u00e4r n\u00e4ra sk\u00e4rg\u00e5rden. <\/p>\n<p>Region Kalmar l\u00e4n ansvarar f\u00f6r h\u00e4lso- och sjukv\u00e5rd, tandv\u00e5rd, folkh\u00f6gskolor, kultur, kollektivtrafik och regional utveckling. Vi \u00e4r \u00f6ver 7 000 medarbetare som alla jobbar tillsammans f\u00f6r ett friskare, tryggare och rikare liv f\u00f6r l\u00e4nets inv\u00e5nare. Hos oss f\u00e5r du m\u00e5nga f\u00f6rm\u00e5ner och ett av Sveriges b\u00e4sta kollektivavtal. Vi m\u00f6ter m\u00e4nniskor i livets alla skeden och har ett meningsfullt och utvecklande arbete \u2013 varje dag.<\/p>\n<p><a href=\"https:\/\/regionkalmar.se\/jobb-och-karriar\/att-jobba-hos-oss\/\" rel=\"nofollow noopener\" target=\"_blank\">L\u00e4s mer om att arbeta i Region Kalmar l\u00e4n<\/a><\/p>\n<p>Region Kalmar l\u00e4n erbjuder alla medarbetare en anst\u00e4llning p\u00e5 100%. Om du arbetar deltid men \u00f6nskar arbeta heltid kan ut\u00f6kning av tj\u00e4nst erbjudas vid annan arbetsplats.<\/p>\n<p>Vi vill att du bifogar CV, personligt brev och f\u00f6r tj\u00e4nsten relevanta utbildningsbevis till din ans\u00f6kan. F\u00f6r att kvalitetss\u00e4kra rekryteringsprocessen i Region Kalmar l\u00e4n vill vi att du s\u00f6ker tj\u00e4nsten i v\u00e5rt rekryteringssystem och inte via e-post eller i pappersformat.<\/p>\n<p>Vi tar g\u00e4rna emot samtal fr\u00e5n dig som \u00e4r intresserad av jobbet men tackar nej till dig som s\u00e4ljer annonser och rekryteringstj\u00e4nster.<\/p>\n<p>            Om tj\u00e4nsten<\/p>\n<p>Referensnummer:2026\/32<\/p>\n<p>Placering\/enhet:V\u00e4sterviks sjukhus<\/p>\n<p>Anst\u00e4llningsform:Tillsvidareanst\u00e4llning<\/p>\n<p>Anst\u00e4llningstid:Tillsvidare<\/p>\n<p>Syssels\u00e4ttningsgrad:Heltid  100%<\/p>\n<p>\n                Tilltr\u00e4de:Efter \u00f6verenskommelse<\/p>\n<p>L\u00f6n:Vi till\u00e4mpar individuell l\u00f6nes\u00e4ttning  <\/p>\n<p>Ans\u00f6k senast:2026-02-13<\/p>\n<p>Om du beh\u00f6ver hj\u00e4lp kan du kontakta v\u00e5r <a href=\"https:\/\/regionkalmar.se\/jobb-och-karriar\/sok-lediga-jobb\/underskoterska-kirurgi7\/mailto:support@varbi.com\" rel=\"nofollow noopener\" target=\"_blank\">support.<\/a><\/p>\n<p>Telefon: 0520-58 00 50<\/p>\n<p>Telefontid vardagar 08:30-12:00 och 13:00-16:30<\/p>\n","protected":false},"excerpt":{"rendered":"Om du \u00e4r intresserad av m\u00e4nniskor och omv\u00e5rdnad och samtidigt gillar att arbeta brett kommer du att trivas&hellip;\n","protected":false},"author":2,"featured_media":54627,"comment_status":"","ping_status":"","sticky":false,"template":"","format":"standard","meta":{"footnotes":""},"categories":[12],"tags":[22,23,26,27,17,21,24,25,28,29,15,16,18,34,31,33,32,30,19,20],"class_list":{"0":"post-135668","1":"post","2":"type-post","3":"status-publish","4":"format-standard","5":"has-post-thumbnail","7":"category-sverige","8":"tag-breaking-news","9":"tag-breakingnews","10":"tag-featured-news","11":"tag-featurednews","12":"tag-headlines","13":"tag-huvudnyheter","14":"tag-latest-news","15":"tag-latestnews","16":"tag-main-news","17":"tag-mainnews","18":"tag-news","19":"tag-nyheter","20":"tag-rubriker","21":"tag-se","22":"tag-svenska","23":"tag-sverige","24":"tag-sweden","25":"tag-swedish","26":"tag-top-stories","27":"tag-topstories"},"share_on_mastodon":{"url":"https:\/\/pubeurope.com\/@se\/115893656809628245","error":""},"_links":{"self":[{"href":"https:\/\/www.europesays.com\/se\/wp-json\/wp\/v2\/posts\/135668","targetHints":{"allow":["GET"]}}],"collection":[{"href":"https:\/\/www.europesays.com\/se\/wp-json\/wp\/v2\/posts"}],"about":[{"href":"https:\/\/www.europesays.com\/se\/wp-json\/wp\/v2\/types\/post"}],"author":[{"embeddable":true,"href":"https:\/\/www.europesays.com\/se\/wp-json\/wp\/v2\/users\/2"}],"replies":[{"embeddable":true,"href":"https:\/\/www.europesays.com\/se\/wp-json\/wp\/v2\/comments?post=135668"}],"version-history":[{"count":0,"href":"https:\/\/www.europesays.com\/se\/wp-json\/wp\/v2\/posts\/135668\/revisions"}],"wp:featuredmedia":[{"embeddable":true,"href":"https:\/\/www.europesays.com\/se\/wp-json\/wp\/v2\/media\/54627"}],"wp:attachment":[{"href":"https:\/\/www.europesays.com\/se\/wp-json\/wp\/v2\/media?parent=135668"}],"wp:term":[{"taxonomy":"category","embeddable":true,"href":"https:\/\/www.europesays.com\/se\/wp-json\/wp\/v2\/categories?post=135668"},{"taxonomy":"post_tag","embeddable":true,"href":"https:\/\/www.europesays.com\/se\/wp-json\/wp\/v2\/tags?post=135668"}],"curies":[{"name":"wp","href":"https:\/\/api.w.org\/{rel}","templated":true}]}}