{"id":135674,"date":"2026-01-14T13:25:09","date_gmt":"2026-01-14T13:25:09","guid":{"rendered":"https:\/\/www.europesays.com\/se\/135674\/"},"modified":"2026-01-14T13:25:09","modified_gmt":"2026-01-14T13:25:09","slug":"matplattformen-okar-omsattningen-med-900-procent-%e2%94%82-impact-loop","status":"publish","type":"post","link":"https:\/\/www.europesays.com\/se\/135674\/","title":{"rendered":"Matplattformen \u00f6kar oms\u00e4ttningen med 900 procent \u2502 Impact Loop"},"content":{"rendered":"<p>Matplattformen G\u00e5rdens tiodubblade oms\u00e4ttningen under 2025, kan Impact Loop ber\u00e4tta. <br \/>&#8221;Vi har f\u00e5tt in ett antal som k\u00f6per in p\u00e5 konceptet och vill bygga n\u00e5got l\u00e5ngsiktigt&#8221;, s\u00e4ger grundaren Alexander Engels till Impact Loop.<\/p>\n<p>Efter att ha l\u00e4mnat roller p\u00e5 fintechbolagen Anyfin och Klarna flyttade <strong>Alexander Engels<\/strong> och <strong>Oskar Karlsson<\/strong> tillbaka till Sm\u00e5land och Sk\u00e5ne och startade 2022 det som <a href=\"https:\/\/www.impactloop.se\/artikel\/fran-fintech-till-matsvinn-nu-lanseras-deras-matplattform-i-stockholm-goa-problem\" target=\"_blank\" rel=\"noopener noreferrer nofollow\">d\u00e5 hette Local Taste.<\/a><\/p>\n<p>I dag fungerar bolaget \u2013 med nya namnet G\u00e5rdens \u2013 som ett &#8221;paraply&#8221; f\u00f6r sm\u00e5skaliga producenter av mat: G\u00e5rdens k\u00f6per in mat fr\u00e5n dem,  samlar dem p\u00e5 en gemensam plattform och ansvarar sedan f\u00f6r f\u00f6rs\u00e4ljning, kommunikation och logistik med eget lager.<\/p>\n<p>Gynnas av samh\u00e4llstrend<\/p>\n<p>Nu kan Impact Loop ber\u00e4tta att bolaget tagit ett rej\u00e4lt skutt f\u00f6rs\u00e4ljningsm\u00e4ssigt. Enligt bolagets nya bokslut f\u00f6r 2025 landar nettooms\u00e4ttningen p\u00e5 18 miljoner kronor, upp fr\u00e5n 1,8 miljoner \u00e5ret innan \u2013 det vill s\u00e4ga en \u00f6kning med 900 procent.<\/p>\n<p>Alexander Engels s\u00e4ger till Impact Loop att siffrorna \u00e4r ett kvitto p\u00e5 att deras modell g\u00e5r att skala.<\/p>\n<p>&#8221;Det \u00e4r ganska planenligt. Vi har medvetet experimenterat ganska mycket de f\u00f6rsta \u00e5ren f\u00f6r att hitta en modell som vi k\u00e4nner oss bekv\u00e4ma med att skala. I slutet av 2024 och b\u00f6rjan av 2025 landade vi i att det h\u00e4r funkar v\u00e4ldigt bra: vi har n\u00f6jda kunder som \u00e5terkommer, och vi har b\u00f6rjat s\u00e4tta n\u00e5gra viktiga samarbeten med producenter&#8221;, s\u00e4ger han.<\/p>\n<p>Just dessa samarbeten \u00e4r nyckeln, menar grundaren.<\/p>\n<p>&#8221;Vi har f\u00e5tt in ett antal som k\u00f6per in p\u00e5 konceptet och vill bygga n\u00e5got l\u00e5ngsiktigt. Samtidigt ser vi att kunderna \u00e5terkommer p\u00e5 ett v\u00e4ldigt bra s\u00e4tt&#8221;, s\u00e4ger han.<\/p>\n<p>Enligt honom gynnar ocks\u00e5 en bredare konsumenttrend bolaget.<\/p>\n<p>&#8221;Man \u00e4r mer intresserad av vad man \u00e4ter och hur det produceras idag. Vi har medvetet varit v\u00e4ldigt selektiva \u2013 vi jobbar direkt med producenterna och \u00e4r ute och tr\u00e4ffar dem f\u00f6r att se hur det g\u00e5r till&#8221;, s\u00e4ger han.<\/p>\n<p>Fram\u00e5t \u00e4r m\u00e5ls\u00e4ttningen att forts\u00e4tta skala, men utan att springa ifr\u00e5n logistiken. N\u00e5got ytterligare externt kapital \u2013 de har<a href=\"https:\/\/www.impactloop.se\/artikel\/matstartupen-local-taste-sakrar-miljoner-e-handelsprofil-investerar-imponerad\" target=\"_blank\" rel=\"noopener noreferrer nofollow\"> tidigare tagit in <\/a>drygt \u00e5tta miljoner i riskkapital fr\u00e5n aff\u00e4rs\u00e4nglar \u2013 planerar de inte f\u00f6r.<\/p>\n<p>Ist\u00e4llet handlar det om att ta organiska steg som bolag och ansluta fler producenter.<\/p>\n<p>&#8221;F\u00f6r att det ska funka riktigt bra m\u00e5ste vi bli st\u00f6rre&#8221;, s\u00e4ger Alexander Engels.<\/p>\n<p>Inte l\u00f6nsamma \u00e4nnu<\/p>\n<p>L\u00f6nsamheten \u00e4r \u00e4nnu inte d\u00e4r p\u00e5 hel\u00e5rsniv\u00e5, han vill inte s\u00e4ga exakt vad resultatet landar p\u00e5 f\u00f6r 2025, men bolaget har tagit ett steg i r\u00e4tt riktning, enligt grundaren.<\/p>\n<p>&#8221;Vi har precis v\u00e4nt till l\u00f6nsamhet p\u00e5 m\u00e5nadsbasis. P\u00e5 hel\u00e5r \u00e4r vi inte d\u00e4r \u00e4nnu men m\u00e5ls\u00e4ttningen \u00e4r att 2026 ska vara l\u00f6nsamt p\u00e5 hel\u00e5r&#8221;, s\u00e4ger han.<\/p>\n<p><strong>Hur m\u00e5nga procent ska ni ha v\u00e4xt int\u00e4ktsm\u00e4ssigt n\u00e4r 2026 summeras?<\/strong><\/p>\n<p>&#8221;Det finns s\u00e5 klart budgetar och planer, men det \u00e4r ingenting vi pratar om ut\u00e5t.&#8221;<\/p>\n<p>Bolaget har bytt namn i omg\u00e5ngar \u2013 fr\u00e5n Local Taste till G\u00e5rdens mathantverk \u2013 och kallar sig numera allts\u00e5 kort och gott G\u00e5rdens. <\/p>\n","protected":false},"excerpt":{"rendered":"Matplattformen G\u00e5rdens tiodubblade oms\u00e4ttningen under 2025, kan Impact Loop ber\u00e4tta. &#8221;Vi har f\u00e5tt in ett antal som k\u00f6per&hellip;\n","protected":false},"author":2,"featured_media":135675,"comment_status":"","ping_status":"","sticky":false,"template":"","format":"standard","meta":{"footnotes":""},"categories":[65],"tags":[72,70,71,34,31,33,32,30],"class_list":{"0":"post-135674","1":"post","2":"type-post","3":"status-publish","4":"format-standard","5":"has-post-thumbnail","7":"category-ekonomi","8":"tag-business","9":"tag-economy","10":"tag-ekonomi","11":"tag-se","12":"tag-svenska","13":"tag-sverige","14":"tag-sweden","15":"tag-swedish"},"share_on_mastodon":{"url":"https:\/\/pubeurope.com\/@se\/115893680370133190","error":""},"_links":{"self":[{"href":"https:\/\/www.europesays.com\/se\/wp-json\/wp\/v2\/posts\/135674","targetHints":{"allow":["GET"]}}],"collection":[{"href":"https:\/\/www.europesays.com\/se\/wp-json\/wp\/v2\/posts"}],"about":[{"href":"https:\/\/www.europesays.com\/se\/wp-json\/wp\/v2\/types\/post"}],"author":[{"embeddable":true,"href":"https:\/\/www.europesays.com\/se\/wp-json\/wp\/v2\/users\/2"}],"replies":[{"embeddable":true,"href":"https:\/\/www.europesays.com\/se\/wp-json\/wp\/v2\/comments?post=135674"}],"version-history":[{"count":0,"href":"https:\/\/www.europesays.com\/se\/wp-json\/wp\/v2\/posts\/135674\/revisions"}],"wp:featuredmedia":[{"embeddable":true,"href":"https:\/\/www.europesays.com\/se\/wp-json\/wp\/v2\/media\/135675"}],"wp:attachment":[{"href":"https:\/\/www.europesays.com\/se\/wp-json\/wp\/v2\/media?parent=135674"}],"wp:term":[{"taxonomy":"category","embeddable":true,"href":"https:\/\/www.europesays.com\/se\/wp-json\/wp\/v2\/categories?post=135674"},{"taxonomy":"post_tag","embeddable":true,"href":"https:\/\/www.europesays.com\/se\/wp-json\/wp\/v2\/tags?post=135674"}],"curies":[{"name":"wp","href":"https:\/\/api.w.org\/{rel}","templated":true}]}}