{"id":135676,"date":"2026-01-14T13:27:07","date_gmt":"2026-01-14T13:27:07","guid":{"rendered":"https:\/\/www.europesays.com\/se\/135676\/"},"modified":"2026-01-14T13:27:07","modified_gmt":"2026-01-14T13:27:07","slug":"akuta-problem-pa-sjukhusen-i-lulea-pitea-och-kalix","status":"publish","type":"post","link":"https:\/\/www.europesays.com\/se\/135676\/","title":{"rendered":"Akuta problem p\u00e5 sjukhusen i Lule\u00e5, Pite\u00e5 och Kalix"},"content":{"rendered":"<p>P\u00e5 de ber\u00f6rda sjukhusen f\u00f6rs\u00f6ker man nu frig\u00f6ra extra v\u00e5rdplatser f\u00f6r att kunna ta emot de som beh\u00f6ver v\u00e5rd. Trots det kan v\u00e4ntetiderna bli l\u00e4ngre \u00e4n vanligt.<\/p>\n<p>\u2013 Det m\u00e4rks att vi \u00e4r mitt i en topp av vinterns sjukdomsperiod. Den som \u00e4r mest sjuk eller skadad f\u00e5r v\u00e5rd f\u00f6rst. Om du \u00e5ker direkt till akuten finns det risk att du f\u00e5r v\u00e4nta l\u00e4nge, s\u00e4ger Moa Bjerner, chef f\u00f6r Division Medicin och akut omh\u00e4ndertagande.<\/p>\n<p>Region Norrbotten vill att den som har en l\u00e4ttare skada eller sjukdom ringer 1177 f\u00f6r r\u00e5d om egenv\u00e5rd.<\/p>\n","protected":false},"excerpt":{"rendered":"P\u00e5 de ber\u00f6rda sjukhusen f\u00f6rs\u00f6ker man nu frig\u00f6ra extra v\u00e5rdplatser f\u00f6r att kunna ta emot de som beh\u00f6ver&hellip;\n","protected":false},"author":2,"featured_media":135677,"comment_status":"","ping_status":"","sticky":false,"template":"","format":"standard","meta":{"footnotes":""},"categories":[12],"tags":[22,23,26,27,17,21,24,25,28,29,15,16,18,34,31,33,32,30,19,20],"class_list":{"0":"post-135676","1":"post","2":"type-post","3":"status-publish","4":"format-standard","5":"has-post-thumbnail","7":"category-sverige","8":"tag-breaking-news","9":"tag-breakingnews","10":"tag-featured-news","11":"tag-featurednews","12":"tag-headlines","13":"tag-huvudnyheter","14":"tag-latest-news","15":"tag-latestnews","16":"tag-main-news","17":"tag-mainnews","18":"tag-news","19":"tag-nyheter","20":"tag-rubriker","21":"tag-se","22":"tag-svenska","23":"tag-sverige","24":"tag-sweden","25":"tag-swedish","26":"tag-top-stories","27":"tag-topstories"},"share_on_mastodon":{"url":"https:\/\/pubeurope.com\/@se\/115893688211769257","error":""},"_links":{"self":[{"href":"https:\/\/www.europesays.com\/se\/wp-json\/wp\/v2\/posts\/135676","targetHints":{"allow":["GET"]}}],"collection":[{"href":"https:\/\/www.europesays.com\/se\/wp-json\/wp\/v2\/posts"}],"about":[{"href":"https:\/\/www.europesays.com\/se\/wp-json\/wp\/v2\/types\/post"}],"author":[{"embeddable":true,"href":"https:\/\/www.europesays.com\/se\/wp-json\/wp\/v2\/users\/2"}],"replies":[{"embeddable":true,"href":"https:\/\/www.europesays.com\/se\/wp-json\/wp\/v2\/comments?post=135676"}],"version-history":[{"count":0,"href":"https:\/\/www.europesays.com\/se\/wp-json\/wp\/v2\/posts\/135676\/revisions"}],"wp:featuredmedia":[{"embeddable":true,"href":"https:\/\/www.europesays.com\/se\/wp-json\/wp\/v2\/media\/135677"}],"wp:attachment":[{"href":"https:\/\/www.europesays.com\/se\/wp-json\/wp\/v2\/media?parent=135676"}],"wp:term":[{"taxonomy":"category","embeddable":true,"href":"https:\/\/www.europesays.com\/se\/wp-json\/wp\/v2\/categories?post=135676"},{"taxonomy":"post_tag","embeddable":true,"href":"https:\/\/www.europesays.com\/se\/wp-json\/wp\/v2\/tags?post=135676"}],"curies":[{"name":"wp","href":"https:\/\/api.w.org\/{rel}","templated":true}]}}