{"id":135687,"date":"2026-01-14T13:35:09","date_gmt":"2026-01-14T13:35:09","guid":{"rendered":"https:\/\/www.europesays.com\/se\/135687\/"},"modified":"2026-01-14T13:35:09","modified_gmt":"2026-01-14T13:35:09","slug":"ny-broschyr-ska-starka-foretagens-roll-i-totalforsvaret","status":"publish","type":"post","link":"https:\/\/www.europesays.com\/se\/135687\/","title":{"rendered":"Ny broschyr ska st\u00e4rka f\u00f6retagens roll i totalf\u00f6rsvaret"},"content":{"rendered":"<p><img fetchpriority=\"high\" decoding=\"async\" width=\"1024\" height=\"683\" src=\"https:\/\/www.europesays.com\/se\/wp-content\/uploads\/2026\/01\/bild-pa-flera-broschyrer-pa-ett-bord-759-1024x683.jpg\" alt=\"\" class=\"wp-image-34988\"   data-eio=\"p\"\/>Foto: Melker Dahlstrand\/MCF<\/p>\n<p>Syftet \u00e4r att ge f\u00f6retag v\u00e4gledning i hur de kan st\u00e4rka sin beredskap vid kriser och ytterst krig, samt tydligg\u00f6ra n\u00e4ringslivets betydelse f\u00f6r Sveriges totalf\u00f6rsvar. Det \u00e4r f\u00f6rsta g\u00e5ngen som en nationell beredskapsbroschyr s\u00e4rskilt riktas till f\u00f6retag.<\/p>\n<p>Tidigare versioner av broschyren Om krisen eller kriget kommer har distribuerats till hush\u00e5ll i Sverige, senast i november 2024. Den nya utg\u00e5van fokuserar p\u00e5 f\u00f6retagens ansvar och f\u00f6ruts\u00e4ttningar att uppr\u00e4tth\u00e5lla verksamhet under p\u00e5frestande samh\u00e4llsst\u00f6rningar.<\/p>\n<p>\u2013 Det s\u00e4kerhetspolitiska l\u00e4get \u00e4r allvarligt och det milit\u00e4ra hotet mot Sverige har \u00f6kat. N\u00e4r vi \u00e4r rustade f\u00f6r krig klarar vi ocks\u00e5 kriser. Broschyren ger f\u00f6retag konkreta r\u00e5d om hur de kan planera, \u00f6va och st\u00e4rka sin beredskap, s\u00e4ger Mikael Frisell, generaldirekt\u00f6r f\u00f6r Myndigheten f\u00f6r civilt f\u00f6rsvar.<\/p>\n<p class=\"has-medium-font-size\"><strong>R\u00e5d inom \u00e5tta beredskapsomr\u00e5den<\/strong><\/p>\n<p>Broschyren inneh\u00e5ller rekommendationer inom \u00e5tta omr\u00e5den som bed\u00f6ms vara centrala f\u00f6r f\u00f6retagens f\u00f6rm\u00e5ga att forts\u00e4tta sin verksamhet vid allvarliga st\u00f6rningar. Dessa omfattar bland annat planering och \u00f6vning, analys av kritiska beroenden, personalf\u00f6rs\u00f6rjning, krisorganisation och cybers\u00e4kerhet. \u00c4ven psykologiskt f\u00f6rsvar, utbildning samt samverkan med myndigheter och andra akt\u00f6rer lyfts fram.<\/p>\n<p>Erfarenheter fr\u00e5n covid-19-pandemin och kriget i Ukraina anv\u00e4nds som exempel p\u00e5 hur f\u00f6retagens f\u00f6rm\u00e5ga att h\u00e5lla verksamheten ig\u00e5ng kan bidra till samh\u00e4llsstabilitet. En fungerande n\u00e4ringsverksamhet bed\u00f6ms vara avg\u00f6rande f\u00f6r att varor och tj\u00e4nster ska n\u00e5 fram och f\u00f6r att m\u00e4nniskor ska kunna forts\u00e4tta arbeta, \u00e4ven under sv\u00e5ra f\u00f6rh\u00e5llanden.<\/p>\n<p class=\"has-medium-font-size\"><strong>F\u00f6retag pekas ut som central del av totalf\u00f6rsvaret<\/strong><\/p>\n<p>Myndigheten betonar att informationen i broschyren utg\u00f6r samh\u00e4llsviktig v\u00e4gledning f\u00f6r alla arbetsgivare i Sverige. Genom att st\u00e4rka sin egen beredskap kan f\u00f6retag \u00e4ven bidra till den samlade motst\u00e5ndskraften i samh\u00e4llet.<\/p>\n<p>\u2013 F\u00f6retag har en avg\u00f6rande roll i totalf\u00f6rsvaret. Genom att f\u00f6rbereda sig och forts\u00e4tta sin verksamhet bidrar de till att samh\u00e4llet fungerar \u00e4ven under kris och ytterst krig, s\u00e4ger Mikael Frisell.<\/p>\n<p>Ut\u00f6ver den tryckta broschyren h\u00e4nvisar Myndigheten f\u00f6r civilt f\u00f6rsvar till f\u00f6rdjupad information och st\u00f6dmaterial som finns tillg\u00e4ngligt p\u00e5 myndighetens webbplats.<\/p>\n<p class=\"legal\">Aktuell S\u00e4kerhet jobbar f\u00f6r alla som vill g\u00f6ra s\u00e4krare aff\u00e4rer och \u00e4r d\u00e4rf\u00f6r en s\u00e4ker informationsk\u00e4lla f\u00f6r s\u00e4kerhetsansvariga inom s\u00e5v\u00e4l privat som statlig och kommunal sektor. Vi str\u00e4var efter f\u00f6rstahandsk\u00e4llor och att vara p\u00e5 plats d\u00e4r det h\u00e4nder. Trov\u00e4rdighet och opartiskhet \u00e4r centrala v\u00e4rden f\u00f6r v\u00e5r nyhetsjournalistik<\/p>\n<p>Skaffa Aktuell S\u00e4kerhet Nyhetsbrev<\/p>\n<p>Genom att klicka p\u00e5 &#8221;Prenumerera&#8221; ger du samtycke till att vi sparar och anv\u00e4nder dina personuppgifter i enlighet med v\u00e5r integritetspolicy.<\/p>\n","protected":false},"excerpt":{"rendered":"Foto: Melker Dahlstrand\/MCF Syftet \u00e4r att ge f\u00f6retag v\u00e4gledning i hur de kan st\u00e4rka sin beredskap vid kriser&hellip;\n","protected":false},"author":2,"featured_media":135688,"comment_status":"","ping_status":"","sticky":false,"template":"","format":"standard","meta":{"footnotes":""},"categories":[12],"tags":[13710,13711,22,23,26,27,17,21,24,25,28,29,15,16,18,34,31,33,32,30,19,20],"class_list":{"0":"post-135687","1":"post","2":"type-post","3":"status-publish","4":"format-standard","5":"has-post-thumbnail","7":"category-sverige","8":"tag-mcf","9":"tag-myndighetenforciviltforsvar","10":"tag-breaking-news","11":"tag-breakingnews","12":"tag-featured-news","13":"tag-featurednews","14":"tag-headlines","15":"tag-huvudnyheter","16":"tag-latest-news","17":"tag-latestnews","18":"tag-main-news","19":"tag-mainnews","20":"tag-news","21":"tag-nyheter","22":"tag-rubriker","23":"tag-se","24":"tag-svenska","25":"tag-sverige","26":"tag-sweden","27":"tag-swedish","28":"tag-top-stories","29":"tag-topstories"},"share_on_mastodon":{"url":"https:\/\/pubeurope.com\/@se\/115893719715700611","error":""},"_links":{"self":[{"href":"https:\/\/www.europesays.com\/se\/wp-json\/wp\/v2\/posts\/135687","targetHints":{"allow":["GET"]}}],"collection":[{"href":"https:\/\/www.europesays.com\/se\/wp-json\/wp\/v2\/posts"}],"about":[{"href":"https:\/\/www.europesays.com\/se\/wp-json\/wp\/v2\/types\/post"}],"author":[{"embeddable":true,"href":"https:\/\/www.europesays.com\/se\/wp-json\/wp\/v2\/users\/2"}],"replies":[{"embeddable":true,"href":"https:\/\/www.europesays.com\/se\/wp-json\/wp\/v2\/comments?post=135687"}],"version-history":[{"count":0,"href":"https:\/\/www.europesays.com\/se\/wp-json\/wp\/v2\/posts\/135687\/revisions"}],"wp:featuredmedia":[{"embeddable":true,"href":"https:\/\/www.europesays.com\/se\/wp-json\/wp\/v2\/media\/135688"}],"wp:attachment":[{"href":"https:\/\/www.europesays.com\/se\/wp-json\/wp\/v2\/media?parent=135687"}],"wp:term":[{"taxonomy":"category","embeddable":true,"href":"https:\/\/www.europesays.com\/se\/wp-json\/wp\/v2\/categories?post=135687"},{"taxonomy":"post_tag","embeddable":true,"href":"https:\/\/www.europesays.com\/se\/wp-json\/wp\/v2\/tags?post=135687"}],"curies":[{"name":"wp","href":"https:\/\/api.w.org\/{rel}","templated":true}]}}