{"id":135691,"date":"2026-01-14T13:39:20","date_gmt":"2026-01-14T13:39:20","guid":{"rendered":"https:\/\/www.europesays.com\/se\/135691\/"},"modified":"2026-01-14T13:39:20","modified_gmt":"2026-01-14T13:39:20","slug":"johan-jureskog-testar-livet-som-munk","status":"publish","type":"post","link":"https:\/\/www.europesays.com\/se\/135691\/","title":{"rendered":"Johan Jureskog testar livet som munk"},"content":{"rendered":"<p><strong>Hur \u00e4r munklivet egentligen? Johan Jureskog har testat.<\/strong><\/p>\n<p>I SVT:s nya satsning provar k\u00e4ndiskocken Johan Jureskog hur det \u00e4r att leva som munk.<\/p>\n<p><strong>Varf\u00f6r st\u00e4ller du upp p\u00e5 det h\u00e4r?\u2028<\/strong><br \/>\u2013 Jag har k\u00e4nt mig ih\u00e5lig ett tag och ville testa g\u00f6ra n\u00e5got annorlunda.\u2028<\/p>\n<p><strong>\u2028Hur var det d\u00e5?<\/strong><br \/>\u2013 Ja, det var ju verkligen ur askan i elden. Snacka om stort h\u00e5l i br\u00f6stet!\u2028\u2028<\/p>\n<p><strong>Vad har varit tuffast?<\/strong><br \/>\u2028\u2013 Att g\u00e5 runt med all den h\u00e4r j\u00e4vla glasyren p\u00e5 sig hela dagarna. Det \u00e4r ju inget jag \u00e4r van vid att g\u00f6ra hemma.<\/p>\n<p><strong>L\u00e5ter som att det inte blev den nystarten du hoppats p\u00e5?<\/strong><br \/>\u2028\u2013 Inte alls.\u2028\u2028<\/p>\n<p><strong>Hur ser framtiden ut?\u2028<\/strong><br \/>\u2013 Om jag inte g\u00f6kar p\u00e5 11 m\u00e5nader, 30 dagar och 23 timmar blir jag guldmunk, haha. Men det \u00e4r ingen st\u00f6rre risk. Jag \u00e4lskar kuckelimuck. I \u00f6vrigt k\u00f6r jag p\u00e5 med AG, Rolfs k\u00f6k och Rolfs hav.<\/p>\n","protected":false},"excerpt":{"rendered":"Hur \u00e4r munklivet egentligen? Johan Jureskog har testat. I SVT:s nya satsning provar k\u00e4ndiskocken Johan Jureskog hur det&hellip;\n","protected":false},"author":2,"featured_media":135692,"comment_status":"","ping_status":"","sticky":false,"template":"","format":"standard","meta":{"footnotes":""},"categories":[67],"tags":[1589,104,903,1083,1590,1591,902,1588,1082,1596,417,1592,172,1587,1593,34,1595,258,31,33,32,30,1594,105],"class_list":{"0":"post-135691","1":"post","2":"type-post","3":"status-publish","4":"format-standard","5":"has-post-thumbnail","7":"category-underhallning","8":"tag-dryck","9":"tag-entertainment","10":"tag-film","11":"tag-goteborg","12":"tag-klubb","13":"tag-konsert","14":"tag-konst","15":"tag-krog","16":"tag-litteratur","17":"tag-lund","18":"tag-malmo","19":"tag-mode","20":"tag-musik","21":"tag-nojesguiden","22":"tag-scen","23":"tag-se","24":"tag-spel","25":"tag-stockholm","26":"tag-svenska","27":"tag-sverige","28":"tag-sweden","29":"tag-swedish","30":"tag-tv","31":"tag-underhallning"},"share_on_mastodon":{"url":"https:\/\/pubeurope.com\/@se\/115893735395536869","error":""},"_links":{"self":[{"href":"https:\/\/www.europesays.com\/se\/wp-json\/wp\/v2\/posts\/135691","targetHints":{"allow":["GET"]}}],"collection":[{"href":"https:\/\/www.europesays.com\/se\/wp-json\/wp\/v2\/posts"}],"about":[{"href":"https:\/\/www.europesays.com\/se\/wp-json\/wp\/v2\/types\/post"}],"author":[{"embeddable":true,"href":"https:\/\/www.europesays.com\/se\/wp-json\/wp\/v2\/users\/2"}],"replies":[{"embeddable":true,"href":"https:\/\/www.europesays.com\/se\/wp-json\/wp\/v2\/comments?post=135691"}],"version-history":[{"count":0,"href":"https:\/\/www.europesays.com\/se\/wp-json\/wp\/v2\/posts\/135691\/revisions"}],"wp:featuredmedia":[{"embeddable":true,"href":"https:\/\/www.europesays.com\/se\/wp-json\/wp\/v2\/media\/135692"}],"wp:attachment":[{"href":"https:\/\/www.europesays.com\/se\/wp-json\/wp\/v2\/media?parent=135691"}],"wp:term":[{"taxonomy":"category","embeddable":true,"href":"https:\/\/www.europesays.com\/se\/wp-json\/wp\/v2\/categories?post=135691"},{"taxonomy":"post_tag","embeddable":true,"href":"https:\/\/www.europesays.com\/se\/wp-json\/wp\/v2\/tags?post=135691"}],"curies":[{"name":"wp","href":"https:\/\/api.w.org\/{rel}","templated":true}]}}