{"id":135695,"date":"2026-01-14T13:42:27","date_gmt":"2026-01-14T13:42:27","guid":{"rendered":"https:\/\/www.europesays.com\/se\/135695\/"},"modified":"2026-01-14T13:42:27","modified_gmt":"2026-01-14T13:42:27","slug":"just-nu-misstankt-brott-i-lidkoping-stor-polisinsats-vi-har-inlett-en-forundersokning-nlt","status":"publish","type":"post","link":"https:\/\/www.europesays.com\/se\/135695\/","title":{"rendered":"JUST NU: Misst\u00e4nkt brott i Lidk\u00f6ping \u2013 stor polisinsats: \u201dVi har inlett en f\u00f6runders\u00f6kning\u201d &#8211; NLT"},"content":{"rendered":"<ol>\n<li><a href=\"https:\/\/news.google.com\/rss\/articles\/CBMitAFBVV95cUxNTkhma3FQYnB4RzFuY1c2aUVkVjlQd0tsbFUyZm1ZR2hFWm4zRV9TRWZYeXVfbHB0OUE1Y3NtRmpEQWs4c2Z3ZTgzSXZnUDlobzJhOWVSRUVCRXBNaG1WQl9rSUtZek5MUlFKWDI0QTA3N2QwalNabUp5VDZjRDFoUGZyX3NUQjAwMU82WFdiRnBNazlGYkQ1NWV2dGt4V1Vac2RqdEpRY0FtWWFtZmtEcmFNN2U?oc=5\" target=\"_blank\" rel=\"nofollow noopener\">JUST NU: Misst\u00e4nkt brott i Lidk\u00f6ping \u2013 stor polisinsats: \u201dVi har inlett en f\u00f6runders\u00f6kning\u201d<\/a>&nbsp;&nbsp;NLT<\/li>\n<li><a href=\"https:\/\/news.google.com\/rss\/articles\/CBMitgFBVV95cUxPc0FSbDF5eW8wSTFHQzdGdFd2OXJkWjd0V1pIcm95Uzl6aF81aFZDLVFsOElKanBqYVZFVnZOLVRaYWR3c3NiZnYzdFZGLTNIZjctTzVBX21hTlJfYTZoOEpfaVhuTTNnUkREOGRQaXE0N3ZfTFNPeWJLdkxhdWhhZV9ORHByTC1yTXdyRUFHck5saHpSNnowN3VGTXVIZi04bjc4bDFyR1prYUtoR0dCdlVHdGpTQQ?oc=5\" target=\"_blank\" rel=\"nofollow noopener\">JUST NU: Livl\u00f6s person hittad i bostad \u2013 polisen misst\u00e4nker brott: \u201dTv\u00e5 h\u00e4mtade till f\u00f6rh\u00f6r\u201d<\/a>&nbsp;&nbsp;NLT<\/li>\n<li><a href=\"https:\/\/news.google.com\/rss\/articles\/CBMilgFBVV95cUxQa2FvTFVQeTBRd2ZvZ19HSU9pU3FwSlI1MVRWQXZpWFk1T1JtTHNueFdzYUgwMTZhSUE3Nl9tUXYwUUVVQ1NCcVk2OGJTMElxbW5OV0MwTFN5dENQRnMwU09EbExTV1MyY2k3MjVyLVhCVEtOalMyaUIyVE9uZlZZQi14S0syVHdITmRDOG1NVnF5Ny1WMHc?oc=5\" target=\"_blank\" rel=\"nofollow noopener\">D\u00f6dsfall i Lidk\u00f6ping \u2013 polisen utreder brott<\/a>&nbsp;&nbsp;SkLT<\/li>\n<li><a href=\"https:\/\/news.google.com\/rss\/articles\/CBMivAFBVV95cUxPRE92N2pXbmhLVzdMalpxaUJkaGh0THI5blBTeUl5QmtxVENYZHNWQnFEQTFYNm9VZjZkMU13aUpaSFpMWTBPUHBSek9Zck93X1VjN2c3ckFkQVRxQm0zbWtjY19LSnNzcEFvMGFlQTktSDYtOWxzczN2LUJiWGNvWVdCeWc1eEwteEw2V3J2NUlSVmN2QndtR21fSVNoMUtyb2ZLT0c3VXc3S2NDS1RlczZPczRBMlJMR0JiUg?oc=5\" target=\"_blank\" rel=\"nofollow noopener\">JUST NU: Misst\u00e4nkt grovt brott i Lidk\u00f6ping \u2013 stor polisinsats: \u201dVi har inlett en f\u00f6runders\u00f6kning\u201d<\/a>&nbsp;&nbsp;NLT<\/li>\n<\/ol>\n","protected":false},"excerpt":{"rendered":"JUST NU: Misst\u00e4nkt brott i Lidk\u00f6ping \u2013 stor polisinsats: \u201dVi har inlett en f\u00f6runders\u00f6kning\u201d&nbsp;&nbsp;NLT JUST NU: Livl\u00f6s person&hellip;\n","protected":false},"author":2,"featured_media":135696,"comment_status":"","ping_status":"","sticky":false,"template":"","format":"standard","meta":{"footnotes":""},"categories":[14],"tags":[22,23,26,27,17,21,24,25,28,29,15,16,18,34,31,33,32,30,19,20,51,52,53,54],"class_list":{"0":"post-135695","1":"post","2":"type-post","3":"status-publish","4":"format-standard","5":"has-post-thumbnail","7":"category-varlden","8":"tag-breaking-news","9":"tag-breakingnews","10":"tag-featured-news","11":"tag-featurednews","12":"tag-headlines","13":"tag-huvudnyheter","14":"tag-latest-news","15":"tag-latestnews","16":"tag-main-news","17":"tag-mainnews","18":"tag-news","19":"tag-nyheter","20":"tag-rubriker","21":"tag-se","22":"tag-svenska","23":"tag-sverige","24":"tag-sweden","25":"tag-swedish","26":"tag-top-stories","27":"tag-topstories","28":"tag-varlden","29":"tag-world","30":"tag-world-news","31":"tag-worldnews"},"share_on_mastodon":{"url":"https:\/\/pubeurope.com\/@se\/115893747294449597","error":""},"_links":{"self":[{"href":"https:\/\/www.europesays.com\/se\/wp-json\/wp\/v2\/posts\/135695","targetHints":{"allow":["GET"]}}],"collection":[{"href":"https:\/\/www.europesays.com\/se\/wp-json\/wp\/v2\/posts"}],"about":[{"href":"https:\/\/www.europesays.com\/se\/wp-json\/wp\/v2\/types\/post"}],"author":[{"embeddable":true,"href":"https:\/\/www.europesays.com\/se\/wp-json\/wp\/v2\/users\/2"}],"replies":[{"embeddable":true,"href":"https:\/\/www.europesays.com\/se\/wp-json\/wp\/v2\/comments?post=135695"}],"version-history":[{"count":0,"href":"https:\/\/www.europesays.com\/se\/wp-json\/wp\/v2\/posts\/135695\/revisions"}],"wp:featuredmedia":[{"embeddable":true,"href":"https:\/\/www.europesays.com\/se\/wp-json\/wp\/v2\/media\/135696"}],"wp:attachment":[{"href":"https:\/\/www.europesays.com\/se\/wp-json\/wp\/v2\/media?parent=135695"}],"wp:term":[{"taxonomy":"category","embeddable":true,"href":"https:\/\/www.europesays.com\/se\/wp-json\/wp\/v2\/categories?post=135695"},{"taxonomy":"post_tag","embeddable":true,"href":"https:\/\/www.europesays.com\/se\/wp-json\/wp\/v2\/tags?post=135695"}],"curies":[{"name":"wp","href":"https:\/\/api.w.org\/{rel}","templated":true}]}}