{"id":135699,"date":"2026-01-14T13:46:09","date_gmt":"2026-01-14T13:46:09","guid":{"rendered":"https:\/\/www.europesays.com\/se\/135699\/"},"modified":"2026-01-14T13:46:09","modified_gmt":"2026-01-14T13:46:09","slug":"johan-fyrberg-om-det-tidiga-avslutet-ar-besviken","status":"publish","type":"post","link":"https:\/\/www.europesays.com\/se\/135699\/","title":{"rendered":"Johan Fyrberg om det tidiga avslutet: &#8221;\u00c4r besviken&#8221;"},"content":{"rendered":"<p>Det var i <a href=\"https:\/\/www.tidningenridsport.se\/johan-fyrberg-jag-gor-inte-annu-ett-strategiarbete\/\" target=\"_blank\" rel=\"noreferrer noopener nofollow\">november som det stod klart att<strong> Johan Fyrberg<\/strong><\/a> sade upp sig fr\u00e5n tj\u00e4nsten som generalsekreterare f\u00f6r Svenska Ridsportf\u00f6rbundet. Han skulle d\u00e5 stanna kvar till i sommar, men slutade allts\u00e5 sitt <a href=\"https:\/\/www.tidningenridsport.se\/johan-fyrberg-avgar-omedelbart\/\" target=\"_blank\" rel=\"noreferrer noopener nofollow\">arbete redan i m\u00e5ndags. <\/a><\/p>\n<blockquote class=\"wp-block-quote is-layout-flow wp-block-quote-is-layout-flow\">\n<p>\u00a0Jag \u00e4r besviken \u00f6ver att det inte blev l\u00e4ngre tid som generalsekreterare.<\/p>\n<\/blockquote>\n<p>Den senaste tidens turbulens med intensiv debatt om 13-\u00e5rsgr\u00e4nsen och dess efterspel med bland annat en entledigad hoppkommitt\u00e9 har dock inget med det tidiga avslutet att g\u00f6ra. <br \/>\u2013\u00a0Anledningen till att jag slutar \u00e4r samma som tidigare, det vill s\u00e4ga att jag och f\u00f6rbundsstyrelsen har olika syn p\u00e5 hur det strategiska arbetet ska tas vidare. Jag har tagit fram och arbetat efter den r\u00e5dande strategin och den st\u00e5r jag fast vid. N\u00e4r jag d\u00e5 s\u00e4ger att jag inte g\u00f6r ett nytt strategiarbete s\u00e5 s\u00e4ger jag ju samtidigt att det beh\u00f6vs ett nytt ledarskap p\u00e5 posten som generalsekreterare, s\u00e4ger Johan Fyrberg.<\/p>\n<p>Redan f\u00f6re jul kom det upp en diskussion om att eventuellt arbetsbefria Johan Fyrberg tidigare \u00e4n vad det var t\u00e4nkt. <br \/>\u2013\u00a0Sedan har jag inte varit inblandad i arbetet med att hitta en ny tillf\u00f6rordnad <a href=\"https:\/\/www.tidningenridsport.se\/johan-fyrberg-avgar-omedelbart\/\" target=\"_blank\" rel=\"noreferrer noopener nofollow\">generalsekreterare i <strong>Maria Guggenberger,<\/strong> <\/a>men n\u00e4r hon nu fanns var det naturligt att jag kliver \u00e5t sidan. Men naturligtvis finns jag tillg\u00e4nglig f\u00f6r \u00f6verl\u00e4mning.<\/p>\n<p>Johan Fyrberg understryker n\u00e5gra sakfr\u00e5gor, som till exempel 13-\u00e5rsgr\u00e4nsen, inte ligger bakom hans beslut att l\u00e4mna uppdraget som han har haft sedan 2023. <br \/>\u2013\u00a0Men jag \u00e4r \u00f6vertygad om att ridsporten tillsammans kommer att hitta v\u00e4gar fram\u00e5t i detta. Sverige har varit framsynt i m\u00e5nga fr\u00e5gor, som till  exempel n\u00e4r det g\u00e4ller inverkansridning, och jag tror att detta med 13-\u00e5rsgr\u00e4nsen blir ytterligare en s\u00e5dan, s\u00e4ger han.<\/p>\n<p>Ingen kommentar<\/p>\n<p>Han har inte heller n\u00e5gon kommentar till att hoppkommitt\u00e9n entledigades av den instans \u2013 f\u00f6rbundsstyrelsen \u2013 som tills\u00e4tter den h\u00e4romdagen.<\/p>\n<p><strong>K\u00e4nns det som att du l\u00e4mnar ett sjunkande skepp med tanke p\u00e5 all turbulens det har varit senaste tiden<\/strong>?<br \/>\u2013 Verkligen inte. D\u00e4remot st\u00e5r ridsporten st\u00e5r inf\u00f6r en rad stora utmaningar b\u00e5de n\u00e4r det g\u00e4ller ekonomin f\u00f6r ridskolor, f\u00f6reningar och andra. Och inte minst n\u00e4r det g\u00e4ller ridsportens legitimitet i omv\u00e4rlden. Vi m\u00e5ste hela tiden bedriva ridsport p\u00e5 ett h\u00e5llbart s\u00e4tt och p\u00e5 h\u00e4stens f\u00f6ruts\u00e4ttningar.<\/p>\n<p>\u201dVi har gjort saker\u201d<\/p>\n<p>Han \u00e4r mest stolt \u00f6ver det konkreta h\u00e4stv\u00e4lf\u00e4rdsarbete som har drivits under hans tid som generalsekreterare. <br \/>\u2013 Vi har inte bara pratat, vi har gjort saker. Enligt mig \u00e4r h\u00e4stv\u00e4lf\u00e4rden den mest angel\u00e4gna fr\u00e5gan f\u00f6r ridsporten.<\/p>\n<p>N\u00e4r det handlar om besvikelser s\u00e5 kommer svaret snabbt:<br \/>\u2013\u00a0Jag \u00e4r besviken \u00f6ver att det inte blev l\u00e4ngre tid som generalsekreterare. Jag har en passion f\u00f6r ridsporten och hade som ambition att vara kvar i m\u00e5nga \u00e5r. Jag \u00e4r \u00e4nd\u00e5 tacksam och \u00f6dmjuk att f\u00e5tt g\u00f6ra de h\u00e4r sakerna och f\u00f6r alla m\u00e4nniskor jag har tr\u00e4ffat och samarbetat med.<\/p>\n<p><strong>Vad ska du g\u00f6ra nu?<\/strong><br \/>\u2013 H\u00e4mta ny kraft, f\u00e5 tid att reflektera kring det som har varit. Och s\u00f6ka nytt jobb.<\/p>\n<p>Alltid uppdaterad! Prenumerera gratis p\u00e5 Ridsports nyhetsbrev.<br \/>\nS\u00e5 arbetar Ridsport<\/p>\n<p>Grunden i v\u00e5r journalistik \u00e4r trov\u00e4rdighet och opartiskhet. Det vi publicerar ska vara sant och relevant. Ridsport \u00e4r oberoende och frist\u00e5ende i f\u00f6rh\u00e5llande till ekonomiska, privata, politiska och andra intressen.<\/p>\n","protected":false},"excerpt":{"rendered":"Det var i november som det stod klart att Johan Fyrberg sade upp sig fr\u00e5n tj\u00e4nsten som generalsekreterare&hellip;\n","protected":false},"author":2,"featured_media":135700,"comment_status":"","ping_status":"","sticky":false,"template":"","format":"standard","meta":{"footnotes":""},"categories":[68],"tags":[13712,5219,34,111,110,31,5221,33,32,30],"class_list":{"0":"post-135699","1":"post","2":"type-post","3":"status-publish","4":"format-standard","5":"has-post-thumbnail","7":"category-sport","8":"tag-generalsektererare","9":"tag-johan-fyrberg","10":"tag-se","11":"tag-sport","12":"tag-sports","13":"tag-svenska","14":"tag-svenska-ridsportforbundet","15":"tag-sverige","16":"tag-sweden","17":"tag-swedish"},"share_on_mastodon":{"url":"https:\/\/pubeurope.com\/@se\/115893763045307047","error":""},"_links":{"self":[{"href":"https:\/\/www.europesays.com\/se\/wp-json\/wp\/v2\/posts\/135699","targetHints":{"allow":["GET"]}}],"collection":[{"href":"https:\/\/www.europesays.com\/se\/wp-json\/wp\/v2\/posts"}],"about":[{"href":"https:\/\/www.europesays.com\/se\/wp-json\/wp\/v2\/types\/post"}],"author":[{"embeddable":true,"href":"https:\/\/www.europesays.com\/se\/wp-json\/wp\/v2\/users\/2"}],"replies":[{"embeddable":true,"href":"https:\/\/www.europesays.com\/se\/wp-json\/wp\/v2\/comments?post=135699"}],"version-history":[{"count":0,"href":"https:\/\/www.europesays.com\/se\/wp-json\/wp\/v2\/posts\/135699\/revisions"}],"wp:featuredmedia":[{"embeddable":true,"href":"https:\/\/www.europesays.com\/se\/wp-json\/wp\/v2\/media\/135700"}],"wp:attachment":[{"href":"https:\/\/www.europesays.com\/se\/wp-json\/wp\/v2\/media?parent=135699"}],"wp:term":[{"taxonomy":"category","embeddable":true,"href":"https:\/\/www.europesays.com\/se\/wp-json\/wp\/v2\/categories?post=135699"},{"taxonomy":"post_tag","embeddable":true,"href":"https:\/\/www.europesays.com\/se\/wp-json\/wp\/v2\/tags?post=135699"}],"curies":[{"name":"wp","href":"https:\/\/api.w.org\/{rel}","templated":true}]}}