{"id":135701,"date":"2026-01-14T13:47:07","date_gmt":"2026-01-14T13:47:07","guid":{"rendered":"https:\/\/www.europesays.com\/se\/135701\/"},"modified":"2026-01-14T13:47:07","modified_gmt":"2026-01-14T13:47:07","slug":"carola-tvingas-operera-stambanden","status":"publish","type":"post","link":"https:\/\/www.europesays.com\/se\/135701\/","title":{"rendered":"Carola tvingas operera st\u00e4mbanden"},"content":{"rendered":"<p>Carola H\u00e4ggkvist ska operera bort en cysta p\u00e5 st\u00e4mbanden, skriver VG. Hon har skjutit upp operationen i flera \u00e5r, men en julkonsert i december med Viktor Nor\u00e9n blev droppen. <\/p>\n<p>\u201dJag ville sjunga med hela mitt hj\u00e4rta, framf\u00f6r allt i den starka Elvis-s\u00e5ngen \u2019If I can dream\u2019, men d\u00e4r brast det och jag fick knappt fram tonerna alls,\u201d skriver hon p\u00e5 Instagram. <\/p>\n<p>Operationen kommer att genomf\u00f6ras i januari. <\/p>\n<p>\u201dVilket g\u00f6r mig b\u00e5de lite nerv\u00f6s och en aning skakig f\u00f6r att l\u00e4gga mig under kniven. Men det ska g\u00e5 bra!\u201d<\/p>\n<p>Omni \u00e4r politiskt obundna och oberoende. Vi str\u00e4var efter att ge fler perspektiv p\u00e5 nyheterna. Har du fr\u00e5gor eller synpunkter kring v\u00e5r rapportering? <a href=\"https:\/\/omni.se\/carola-tvingas-operera-stambanden-en-aning-skakig\/a\/mailto:redaktion@omni.se\" class=\"ArticleActions_contactLink__W2F1M\" rel=\"nofollow noopener\" target=\"_blank\">Kontakta redaktionen<\/a><\/p>\n","protected":false},"excerpt":{"rendered":"Carola H\u00e4ggkvist ska operera bort en cysta p\u00e5 st\u00e4mbanden, skriver VG. Hon har skjutit upp operationen i flera&hellip;\n","protected":false},"author":2,"featured_media":135702,"comment_status":"","ping_status":"","sticky":false,"template":"","format":"standard","meta":{"footnotes":""},"categories":[67],"tags":[13713,104,172,34,31,33,32,30,105],"class_list":{"0":"post-135701","1":"post","2":"type-post","3":"status-publish","4":"format-standard","5":"has-post-thumbnail","7":"category-underhallning","8":"tag-carola-haggkvist","9":"tag-entertainment","10":"tag-musik","11":"tag-se","12":"tag-svenska","13":"tag-sverige","14":"tag-sweden","15":"tag-swedish","16":"tag-underhallning"},"share_on_mastodon":{"url":"https:\/\/pubeurope.com\/@se\/115893767004754316","error":""},"_links":{"self":[{"href":"https:\/\/www.europesays.com\/se\/wp-json\/wp\/v2\/posts\/135701","targetHints":{"allow":["GET"]}}],"collection":[{"href":"https:\/\/www.europesays.com\/se\/wp-json\/wp\/v2\/posts"}],"about":[{"href":"https:\/\/www.europesays.com\/se\/wp-json\/wp\/v2\/types\/post"}],"author":[{"embeddable":true,"href":"https:\/\/www.europesays.com\/se\/wp-json\/wp\/v2\/users\/2"}],"replies":[{"embeddable":true,"href":"https:\/\/www.europesays.com\/se\/wp-json\/wp\/v2\/comments?post=135701"}],"version-history":[{"count":0,"href":"https:\/\/www.europesays.com\/se\/wp-json\/wp\/v2\/posts\/135701\/revisions"}],"wp:featuredmedia":[{"embeddable":true,"href":"https:\/\/www.europesays.com\/se\/wp-json\/wp\/v2\/media\/135702"}],"wp:attachment":[{"href":"https:\/\/www.europesays.com\/se\/wp-json\/wp\/v2\/media?parent=135701"}],"wp:term":[{"taxonomy":"category","embeddable":true,"href":"https:\/\/www.europesays.com\/se\/wp-json\/wp\/v2\/categories?post=135701"},{"taxonomy":"post_tag","embeddable":true,"href":"https:\/\/www.europesays.com\/se\/wp-json\/wp\/v2\/tags?post=135701"}],"curies":[{"name":"wp","href":"https:\/\/api.w.org\/{rel}","templated":true}]}}