{"id":135717,"date":"2026-01-14T13:58:19","date_gmt":"2026-01-14T13:58:19","guid":{"rendered":"https:\/\/www.europesays.com\/se\/135717\/"},"modified":"2026-01-14T13:58:19","modified_gmt":"2026-01-14T13:58:19","slug":"darfor-valjer-putin-att-fortsatta-kriget","status":"publish","type":"post","link":"https:\/\/www.europesays.com\/se\/135717\/","title":{"rendered":"D\u00e4rf\u00f6r v\u00e4ljer Putin att forts\u00e4tta kriget"},"content":{"rendered":"<p>Trots ekonomisk press, enorma f\u00f6rluster och gener\u00f6sa fredserbjudanden fr\u00e5n Washington v\u00e4ljer Vladimir Putin att forts\u00e4tta kriget i Ukraina. Det \u00e4r ett medvetet val, skriver Rysslan\u2026<\/p>\n<p>Russia\u2019s Growing Resolve to Fight On in Ukraine<\/p>\n<p>Omni \u00e4r politiskt obundna och oberoende. Vi str\u00e4var efter att ge fler perspektiv p\u00e5 nyheterna. Har du fr\u00e5gor eller synpunkter kring v\u00e5r rapportering? <a href=\"https:\/\/omni.se\/expert-darfor-valjer-putin-att-fortsatta-kriget\/a\/mailto:mer@omni.se\" class=\"ArticleActions_contactLink__W2F1M\" rel=\"nofollow noopener\" target=\"_blank\">Kontakta redaktionen<\/a><\/p>\n","protected":false},"excerpt":{"rendered":"Trots ekonomisk press, enorma f\u00f6rluster och gener\u00f6sa fredserbjudanden fr\u00e5n Washington v\u00e4ljer Vladimir Putin att forts\u00e4tta kriget i Ukraina.&hellip;\n","protected":false},"author":2,"featured_media":135718,"comment_status":"","ping_status":"","sticky":false,"template":"","format":"standard","meta":{"footnotes":""},"categories":[14],"tags":[2193,22,23,26,27,13722,17,21,24,25,28,29,15,16,5037,18,34,31,33,32,30,19,20,51,52,53,54],"class_list":{"0":"post-135717","1":"post","2":"type-post","3":"status-publish","4":"format-standard","5":"has-post-thumbnail","7":"category-varlden","8":"tag-omni-mer","9":"tag-breaking-news","10":"tag-breakingnews","11":"tag-featured-news","12":"tag-featurednews","13":"tag-foreign-affairs","14":"tag-headlines","15":"tag-huvudnyheter","16":"tag-latest-news","17":"tag-latestnews","18":"tag-main-news","19":"tag-mainnews","20":"tag-news","21":"tag-nyheter","22":"tag-omni-mer-internationell-fordjupning","23":"tag-rubriker","24":"tag-se","25":"tag-svenska","26":"tag-sverige","27":"tag-sweden","28":"tag-swedish","29":"tag-top-stories","30":"tag-topstories","31":"tag-varlden","32":"tag-world","33":"tag-world-news","34":"tag-worldnews"},"share_on_mastodon":{"url":"https:\/\/pubeurope.com\/@se\/115893810262060189","error":""},"_links":{"self":[{"href":"https:\/\/www.europesays.com\/se\/wp-json\/wp\/v2\/posts\/135717","targetHints":{"allow":["GET"]}}],"collection":[{"href":"https:\/\/www.europesays.com\/se\/wp-json\/wp\/v2\/posts"}],"about":[{"href":"https:\/\/www.europesays.com\/se\/wp-json\/wp\/v2\/types\/post"}],"author":[{"embeddable":true,"href":"https:\/\/www.europesays.com\/se\/wp-json\/wp\/v2\/users\/2"}],"replies":[{"embeddable":true,"href":"https:\/\/www.europesays.com\/se\/wp-json\/wp\/v2\/comments?post=135717"}],"version-history":[{"count":0,"href":"https:\/\/www.europesays.com\/se\/wp-json\/wp\/v2\/posts\/135717\/revisions"}],"wp:featuredmedia":[{"embeddable":true,"href":"https:\/\/www.europesays.com\/se\/wp-json\/wp\/v2\/media\/135718"}],"wp:attachment":[{"href":"https:\/\/www.europesays.com\/se\/wp-json\/wp\/v2\/media?parent=135717"}],"wp:term":[{"taxonomy":"category","embeddable":true,"href":"https:\/\/www.europesays.com\/se\/wp-json\/wp\/v2\/categories?post=135717"},{"taxonomy":"post_tag","embeddable":true,"href":"https:\/\/www.europesays.com\/se\/wp-json\/wp\/v2\/tags?post=135717"}],"curies":[{"name":"wp","href":"https:\/\/api.w.org\/{rel}","templated":true}]}}