{"id":135719,"date":"2026-01-14T13:59:07","date_gmt":"2026-01-14T13:59:07","guid":{"rendered":"https:\/\/www.europesays.com\/se\/135719\/"},"modified":"2026-01-14T13:59:07","modified_gmt":"2026-01-14T13:59:07","slug":"de-var-bast-pa-att-ga-och-cykla-till-skolan","status":"publish","type":"post","link":"https:\/\/www.europesays.com\/se\/135719\/","title":{"rendered":"De var b\u00e4st p\u00e5 att g\u00e5 och cykla till skolan"},"content":{"rendered":"<p class=\"font-normal\">Totalt deltog tre skolor p\u00e5 Gotland. Ingen gotl\u00e4ndsk skola \u00e5terfanns bland de nationella vinnarna i t\u00e4vlingen, men Region Gotland delar ut lokala priser till den b\u00e4sta skolan och klassen p\u00e5 Gotland.<\/p>\n<p class=\"font-normal\">Gr\u00e5boskolan vann i kategorin B\u00e4sta skola p\u00e5 Gotland. Som b\u00e4sta skola hade de medelv\u00e4rdet 17\u201320<strong> <\/strong>resepo\u00e4ng. Skolan bel\u00f6nas med diplom och en vinstcheck p\u00e5 3\u00a0000 kronor.<\/p>\n<p class=\"font-normal\">B\u00e4sta klassen var Norrbackaskolans klass 62 p\u00e5 Gotland med medelv\u00e4rdet 15\u201316,9 resepo\u00e4ng. Klassen bel\u00f6nas med diplom och en vinstcheck p\u00e5 5\u00a0000 kronor.<\/p>\n<p class=\"font-normal\">Stort grattis s\u00e4ger vi till er. Utdelare var Bo Eriksson som \u00e4r chef vid utbildnings- och arbetslivsf\u00f6rvaltningen.<\/p>\n","protected":false},"excerpt":{"rendered":"Totalt deltog tre skolor p\u00e5 Gotland. Ingen gotl\u00e4ndsk skola \u00e5terfanns bland de nationella vinnarna i t\u00e4vlingen, men Region&hellip;\n","protected":false},"author":2,"featured_media":135720,"comment_status":"","ping_status":"","sticky":false,"template":"","format":"standard","meta":{"footnotes":""},"categories":[12],"tags":[22,23,26,27,17,21,24,25,28,29,15,16,18,34,31,33,32,30,19,20],"class_list":{"0":"post-135719","1":"post","2":"type-post","3":"status-publish","4":"format-standard","5":"has-post-thumbnail","7":"category-sverige","8":"tag-breaking-news","9":"tag-breakingnews","10":"tag-featured-news","11":"tag-featurednews","12":"tag-headlines","13":"tag-huvudnyheter","14":"tag-latest-news","15":"tag-latestnews","16":"tag-main-news","17":"tag-mainnews","18":"tag-news","19":"tag-nyheter","20":"tag-rubriker","21":"tag-se","22":"tag-svenska","23":"tag-sverige","24":"tag-sweden","25":"tag-swedish","26":"tag-top-stories","27":"tag-topstories"},"share_on_mastodon":{"url":"https:\/\/pubeurope.com\/@se\/115893814052388366","error":""},"_links":{"self":[{"href":"https:\/\/www.europesays.com\/se\/wp-json\/wp\/v2\/posts\/135719","targetHints":{"allow":["GET"]}}],"collection":[{"href":"https:\/\/www.europesays.com\/se\/wp-json\/wp\/v2\/posts"}],"about":[{"href":"https:\/\/www.europesays.com\/se\/wp-json\/wp\/v2\/types\/post"}],"author":[{"embeddable":true,"href":"https:\/\/www.europesays.com\/se\/wp-json\/wp\/v2\/users\/2"}],"replies":[{"embeddable":true,"href":"https:\/\/www.europesays.com\/se\/wp-json\/wp\/v2\/comments?post=135719"}],"version-history":[{"count":0,"href":"https:\/\/www.europesays.com\/se\/wp-json\/wp\/v2\/posts\/135719\/revisions"}],"wp:featuredmedia":[{"embeddable":true,"href":"https:\/\/www.europesays.com\/se\/wp-json\/wp\/v2\/media\/135720"}],"wp:attachment":[{"href":"https:\/\/www.europesays.com\/se\/wp-json\/wp\/v2\/media?parent=135719"}],"wp:term":[{"taxonomy":"category","embeddable":true,"href":"https:\/\/www.europesays.com\/se\/wp-json\/wp\/v2\/categories?post=135719"},{"taxonomy":"post_tag","embeddable":true,"href":"https:\/\/www.europesays.com\/se\/wp-json\/wp\/v2\/tags?post=135719"}],"curies":[{"name":"wp","href":"https:\/\/api.w.org\/{rel}","templated":true}]}}