{"id":135725,"date":"2026-01-14T14:05:14","date_gmt":"2026-01-14T14:05:14","guid":{"rendered":"https:\/\/www.europesays.com\/se\/135725\/"},"modified":"2026-01-14T14:05:14","modified_gmt":"2026-01-14T14:05:14","slug":"lokal-produktion-av-vatgas-slar-storskalighet","status":"publish","type":"post","link":"https:\/\/www.europesays.com\/se\/135725\/","title":{"rendered":"Lokal produktion av v\u00e4tgas sl\u00e5r storskalighet\u00a0"},"content":{"rendered":"<p>\n                    V\u00e4tgasmack i Mariestad 2019 hade vid tidpunkten lokal v\u00e4tgastillverkning fr\u00e5n solceller. (2025 s\u00e5ldes tillverkningen och flyttades fr\u00e5n platsen.) Foto: Magnus Hjalmarson Neideman\/SvD\/TT\n            <\/p>\n<p class=\"article__sublead\">Om tunga fordon k\u00f6rs p\u00e5 v\u00e4tgas ist\u00e4llet f\u00f6r diesel kan koldioxidutsl\u00e4ppen minskas radikalt. Men det g\u00e4ller att v\u00e4tgasen kommer fr\u00e5n f\u00f6rnybara energik\u00e4llor \u2013 och allra b\u00e4st f\u00f6r klimatet \u00e4r om den \u00e4r lokalproducerad, visar en ny studie fr\u00e5n Chalmers.<\/p>\n<p class=\"article__paragraph\">Koldioxidutsl\u00e4ppen fr\u00e5n transportsektorn i Sverige ska minska med 70 procent till \u00e5r 2030 j\u00e4mf\u00f6rt med 2010, och v\u00e4tgas tros vara en nyckel i omst\u00e4llningen av tyngre transporter som lastbilar, flyg, j\u00e4rnv\u00e4g och fartyg.\u00a0<\/p>\n<p class=\"article__paragraph\">V\u00e4tgas tillverkad med vatten som r\u00e5vara och sol, vind eller vattenkraft som energik\u00e4llor kallas gr\u00f6n. F\u00f6r klimatet \u00e4r den gr\u00f6na v\u00e4tgasen att f\u00f6redra framf\u00f6r s\u00e5 kallad bl\u00e5 v\u00e4tgas, som framst\u00e4lls av fossilgas men d\u00e4r koldioxiden f\u00e5ngas in, konstaterar forskarna i <a href=\"https:\/\/www.cell.com\/iscience\/fulltext\/S2589-0042(25)01868-1?_returnURL=https%3A%2F%2Flinkinghub.elsevier.com%2Fretrieve%2Fpii%2FS2589004225018681%3Fshowall%3Dtrue\" target=\"_blank\" rel=\"noopener nofollow\">den nya studien<\/a>.<\/p>\n<p class=\"article__paragraph\">\u2013 I teorin \u00e4r tillverkningen av bl\u00e5 v\u00e4tgas klimatneutral, men i verkligheten ser det inte ut s\u00e5. Det \u00e4r inte m\u00f6jligt att f\u00e5nga in all koldioxid, utan fem till tio procent l\u00e4cker ut i atmosf\u00e4ren. Dessutom l\u00e4cker leverant\u00f6rskedjan och tillverkningen metan, vilket ger en 30 g\u00e5nger s\u00e5 stark v\u00e4xthuseffekt som koldioxid, s\u00e4ger Maria Grahn, docent i energisystemanalys p\u00e5 Chalmers i ett <a href=\"https:\/\/news.cision.com\/se\/chalmers\/r\/basta-vatgasen-for-tunga-transporter-ar-lokalproducerad-och-gron,c4287445\" target=\"_blank\" rel=\"noopener nofollow\">pressmeddelande<\/a>.<\/p>\n<p>V\u00e4tgas \u201dgillar\u201d inte transport<\/p>\n<p class=\"article__paragraph\">Och allra b\u00e4st f\u00f6r klimatet \u00e4r gr\u00f6n v\u00e4tgas som produceras lokalt, n\u00e4ra tankstationen, ist\u00e4llet f\u00f6r i stora, centrala anl\u00e4ggningar som kr\u00e4ver l\u00e5nga transporter. Forskaren Jorge Enrique Velandia Vargas f\u00f6rklarar:<\/p>\n<p class=\"article__paragraph\">\u2013 V\u00e4tgas \u00e4r det l\u00e4ttaste av alla grund\u00e4mnen och \u201dgillar\u201d inte att transporteras. I gasform kr\u00e4vs kraftig kompression och i flytande form extrem nedkylning. B\u00e5da alternativen inneb\u00e4r energif\u00f6rluster, och med flytande v\u00e4tgas beh\u00f6ver man dessutom hantera problemet med att den avdunstar under transporten.<\/p>\n<p class=\"article__paragraph\">En annan f\u00f6rdel med lokaltillverkad v\u00e4tgas \u00e4r att den g\u00e5r att skapa oavsett vilka naturresurser som finns att tillg\u00e5, p\u00e5pekar Maria Grahn.<\/p>\n<p class=\"article__paragraph\">\u2013 Nu f\u00f6r tiden pratar vi mycket om resiliens, allts\u00e5 ett samh\u00e4lles eller lands motst\u00e5ndskraft i en orolig omv\u00e4rld. Lika viktigt som att minska koldioxidutsl\u00e4ppen \u00e4r det att vara sj\u00e4lvf\u00f6rs\u00f6rjande p\u00e5 energi, n\u00e5got vi i synnerhet har sett i samband med Rysslands anfallskrig mot Ukraina. Och v\u00e4tgas kan tillverkas \u00f6verallt i v\u00e4rlden med hj\u00e4lp av vatten och energi fr\u00e5n sol eller vind.<\/p>\n<p>\u00c4delmetall ers\u00e4tts<\/p>\n<p class=\"article__paragraph\">I dag kr\u00e4ver produktionen av gr\u00f6n v\u00e4tgas \u00e4delmetaller, som s\u00e4llsynta platina. Men ett annat forskarlag fr\u00e5n Chalmers har nyligen lyckats framst\u00e4lla br\u00e4nslet med en metod d\u00e4r platina ersatts med nanopartiklar av ledande plast.\u00a0<\/p>\n<p class=\"article__paragraph\">\u2013 Att vi nu kan ta bort platina ur systemet \u00e4r ett genombrott f\u00f6r h\u00e5llbar v\u00e4tgasproduktion, s\u00e4ger Ergang Wang, professor vid institutionen f\u00f6r kemi och kemiteknik vid Chalmers i <a href=\"https:\/\/www.chalmers.se\/aktuellt\/nyheter\/k-nu-kan-vatgas-fran-solenergi-tillverkas-effektivt-utan-bristmetallen-platina\/\" target=\"_blank\" rel=\"noopener nofollow\">en kommentar<\/a>.<\/p>\n<p>Anv\u00e4nds sedan l\u00e4nge inom industrin<\/p>\n<p class=\"article__paragraph\">V\u00e4tgas best\u00e5r av tv\u00e5 v\u00e4teatomer och \u00e4r gasformigt vid rumstemperatur och normalt tryck. De vanligaste s\u00e4tten att lagra v\u00e4tgas \u00e4r antingen i komprimerad form vid h\u00f6gt tryck, eller i flytande form, vilket den f\u00e5r vid \u2013253 grader Celsius.<\/p>\n<p class=\"article__paragraph\">Gasen \u00e4r en energib\u00e4rare, som kan anv\u00e4ndas f\u00f6r att lagra, transportera och tillhandah\u00e5lla energi (allts\u00e5 ingen prim\u00e4r energik\u00e4lla, som sol, vind eller r\u00e5olja).<\/p>\n<p class=\"article__paragraph\">N\u00e4r v\u00e4tgas reagerar med syre, allts\u00e5 brinner, frig\u00f6rs stora m\u00e4ngder energi. Det g\u00f6r v\u00e4tgas till ett kraftfullt br\u00e4nsle som till exempel kan anv\u00e4ndas f\u00f6r att driva fordon och elgeneratorer.\u00a0<\/p>\n<p class=\"article__paragraph\">I br\u00e4nslecellsbilar omvandlas v\u00e4tgasens lagrade energi tillbaka till el i en reaktion med syre. Restprodukterna blir v\u00e4rme och vatten.\u00a0<\/p>\n<p class=\"article__paragraph\">Inom industrin har v\u00e4tgas anv\u00e4nts i \u00f6ver hundra \u00e5r. I dag anv\u00e4nds v\u00e4tgas som r\u00e5vara inom kemisk industri, till exempel f\u00f6r att tillverka ammoniak som bland annat anv\u00e4nds till att g\u00f6ra konstg\u00f6dsel. <\/p>\n","protected":false},"excerpt":{"rendered":"V\u00e4tgasmack i Mariestad 2019 hade vid tidpunkten lokal v\u00e4tgastillverkning fr\u00e5n solceller. (2025 s\u00e5ldes tillverkningen och flyttades fr\u00e5n platsen.)&hellip;\n","protected":false},"author":2,"featured_media":135726,"comment_status":"","ping_status":"","sticky":false,"template":"","format":"standard","meta":{"footnotes":""},"categories":[65],"tags":[72,70,71,34,31,33,32,30],"class_list":{"0":"post-135725","1":"post","2":"type-post","3":"status-publish","4":"format-standard","5":"has-post-thumbnail","7":"category-ekonomi","8":"tag-business","9":"tag-economy","10":"tag-ekonomi","11":"tag-se","12":"tag-svenska","13":"tag-sverige","14":"tag-sweden","15":"tag-swedish"},"share_on_mastodon":{"url":"https:\/\/pubeurope.com\/@se\/115893837698506301","error":""},"_links":{"self":[{"href":"https:\/\/www.europesays.com\/se\/wp-json\/wp\/v2\/posts\/135725","targetHints":{"allow":["GET"]}}],"collection":[{"href":"https:\/\/www.europesays.com\/se\/wp-json\/wp\/v2\/posts"}],"about":[{"href":"https:\/\/www.europesays.com\/se\/wp-json\/wp\/v2\/types\/post"}],"author":[{"embeddable":true,"href":"https:\/\/www.europesays.com\/se\/wp-json\/wp\/v2\/users\/2"}],"replies":[{"embeddable":true,"href":"https:\/\/www.europesays.com\/se\/wp-json\/wp\/v2\/comments?post=135725"}],"version-history":[{"count":0,"href":"https:\/\/www.europesays.com\/se\/wp-json\/wp\/v2\/posts\/135725\/revisions"}],"wp:featuredmedia":[{"embeddable":true,"href":"https:\/\/www.europesays.com\/se\/wp-json\/wp\/v2\/media\/135726"}],"wp:attachment":[{"href":"https:\/\/www.europesays.com\/se\/wp-json\/wp\/v2\/media?parent=135725"}],"wp:term":[{"taxonomy":"category","embeddable":true,"href":"https:\/\/www.europesays.com\/se\/wp-json\/wp\/v2\/categories?post=135725"},{"taxonomy":"post_tag","embeddable":true,"href":"https:\/\/www.europesays.com\/se\/wp-json\/wp\/v2\/tags?post=135725"}],"curies":[{"name":"wp","href":"https:\/\/api.w.org\/{rel}","templated":true}]}}