{"id":135727,"date":"2026-01-14T14:06:13","date_gmt":"2026-01-14T14:06:13","guid":{"rendered":"https:\/\/www.europesays.com\/se\/135727\/"},"modified":"2026-01-14T14:06:13","modified_gmt":"2026-01-14T14:06:13","slug":"skolor-i-sollentuna-evakuerades-efter-pyrolarm","status":"publish","type":"post","link":"https:\/\/www.europesays.com\/se\/135727\/","title":{"rendered":"Skolor i Sollentuna evakuerades efter pyrolarm"},"content":{"rendered":"<p class=\"ort\">Sollentuna<\/p>\n<p class=\"text\">R\u00e4ddningstj\u00e4nst och polis larmades till Turebergsv\u00e4gen 3 d\u00e4r tv\u00e5 gymnasieskolor, NTI Gymnasiet och Klara teoretiska gymnasium, har sin verksamhet.<\/p>\n<p class=\"text\">\u2013 Det visade sig att det var en tillf\u00e4llig evakuering. Personalen v\u00e4drade ut bara, sedan fick alla g\u00e5 in igen, s\u00e4ger Mats Eriksson vid polisens regionledningscentral.<\/p>\n<p class=\"text\">Johan Lundgren, trygghetssamordnare och s\u00e4kerhetsansvarig i Sollentunas skolor ber\u00e4ttar att det var n\u00e5gon form av fyrverkeripj\u00e4s som har avfyrats i ett offentligt utrymme, och att de tv\u00e5 skolorna utrymdes p\u00e5 grund av r\u00f6kutveckling som uppstod.<\/p>\n<p>F\u00f6runders\u00f6kning inledd<\/p>\n<p class=\"text\">Enligt Felicia Tingsborg, tillf\u00f6rordnad bitr\u00e4dande rektor p\u00e5 NTI Gymnasiet, varade evakueringen bara i 10\u201315 minuter.<\/p>\n<p class=\"text\">\u2013 Sedan kom undervisningen ig\u00e5ng igen. Flera delar p\u00e5 samma byggnad. Det \u00e4r vi och Klara gymnasium och en yrkesskola bland annat. Det h\u00e4r h\u00e4nde i det gemensamma trapphuset och p\u00e5 grund av r\u00f6ken gick brandlarmet ig\u00e5ng, s\u00e4ger hon.<\/p>\n<p class=\"text\">Ingen skadades och ingen g\u00e4rningsman har identifierats. Polisen pratade med vittnen och unders\u00f6kte om det fanns \u00f6vervakningskameror som kan hj\u00e4lpa till med identifieringen.<\/p>\n<p class=\"text\">\u2013 Vi har kamera vid v\u00e5r entr\u00e9, men i trapphuset finns inga, s\u00e4ger Felicia Tingsborg.<\/p>\n<p class=\"text\">En f\u00f6runders\u00f6kning om framkallande av fara f\u00f6r annan samt brott mot lagen om brandfarliga och explosiva varor har inletts.<\/p>\n","protected":false},"excerpt":{"rendered":"Sollentuna R\u00e4ddningstj\u00e4nst och polis larmades till Turebergsv\u00e4gen 3 d\u00e4r tv\u00e5 gymnasieskolor, NTI Gymnasiet och Klara teoretiska gymnasium, har&hellip;\n","protected":false},"author":2,"featured_media":135728,"comment_status":"","ping_status":"","sticky":false,"template":"","format":"standard","meta":{"footnotes":""},"categories":[14],"tags":[22,23,26,27,17,21,24,25,28,29,15,16,18,34,31,33,32,30,19,20,51,52,53,54],"class_list":{"0":"post-135727","1":"post","2":"type-post","3":"status-publish","4":"format-standard","5":"has-post-thumbnail","7":"category-varlden","8":"tag-breaking-news","9":"tag-breakingnews","10":"tag-featured-news","11":"tag-featurednews","12":"tag-headlines","13":"tag-huvudnyheter","14":"tag-latest-news","15":"tag-latestnews","16":"tag-main-news","17":"tag-mainnews","18":"tag-news","19":"tag-nyheter","20":"tag-rubriker","21":"tag-se","22":"tag-svenska","23":"tag-sverige","24":"tag-sweden","25":"tag-swedish","26":"tag-top-stories","27":"tag-topstories","28":"tag-varlden","29":"tag-world","30":"tag-world-news","31":"tag-worldnews"},"share_on_mastodon":{"url":"https:\/\/pubeurope.com\/@se\/115893841658748904","error":""},"_links":{"self":[{"href":"https:\/\/www.europesays.com\/se\/wp-json\/wp\/v2\/posts\/135727","targetHints":{"allow":["GET"]}}],"collection":[{"href":"https:\/\/www.europesays.com\/se\/wp-json\/wp\/v2\/posts"}],"about":[{"href":"https:\/\/www.europesays.com\/se\/wp-json\/wp\/v2\/types\/post"}],"author":[{"embeddable":true,"href":"https:\/\/www.europesays.com\/se\/wp-json\/wp\/v2\/users\/2"}],"replies":[{"embeddable":true,"href":"https:\/\/www.europesays.com\/se\/wp-json\/wp\/v2\/comments?post=135727"}],"version-history":[{"count":0,"href":"https:\/\/www.europesays.com\/se\/wp-json\/wp\/v2\/posts\/135727\/revisions"}],"wp:featuredmedia":[{"embeddable":true,"href":"https:\/\/www.europesays.com\/se\/wp-json\/wp\/v2\/media\/135728"}],"wp:attachment":[{"href":"https:\/\/www.europesays.com\/se\/wp-json\/wp\/v2\/media?parent=135727"}],"wp:term":[{"taxonomy":"category","embeddable":true,"href":"https:\/\/www.europesays.com\/se\/wp-json\/wp\/v2\/categories?post=135727"},{"taxonomy":"post_tag","embeddable":true,"href":"https:\/\/www.europesays.com\/se\/wp-json\/wp\/v2\/tags?post=135727"}],"curies":[{"name":"wp","href":"https:\/\/api.w.org\/{rel}","templated":true}]}}